{"id":7257,"count":1,"description":"","link":"https:\/\/eldiariodesanpedro.com.ar\/sitio\/tag\/aprehendidos-ebriedad-disturbios-via-publica-policia-juzgado-paz-san-pedro-operativo-seguridad\/","name":"aprehendidos ebriedad disturbios v\u00eda p\u00fablica polic\u00eda juzgado paz san pedro operativo seguridad","slug":"aprehendidos-ebriedad-disturbios-via-publica-policia-juzgado-paz-san-pedro-operativo-seguridad","taxonomy":"post_tag","meta":[],"_links":{"self":[{"href":"https:\/\/eldiariodesanpedro.com.ar\/sitio\/wp-json\/wp\/v2\/tags\/7257","targetHints":{"allow":["GET"]}}],"collection":[{"href":"https:\/\/eldiariodesanpedro.com.ar\/sitio\/wp-json\/wp\/v2\/tags"}],"about":[{"href":"https:\/\/eldiariodesanpedro.com.ar\/sitio\/wp-json\/wp\/v2\/taxonomies\/post_tag"}],"wp:post_type":[{"href":"https:\/\/eldiariodesanpedro.com.ar\/sitio\/wp-json\/wp\/v2\/posts?tags=7257"}],"curies":[{"name":"wp","href":"https:\/\/api.w.org\/{rel}","templated":true}]}}