{"id":4593,"count":1,"description":"","link":"https:\/\/eldiariodesanpedro.com.ar\/sitio\/tag\/la-nina-de-dos-anos-fue-identificada-como-maia-monzon-de-2-anos\/","name":"La ni\u00f1a de dos a\u00f1os fue identificada como Maia Monz\u00f3n de 2 a\u00f1os","slug":"la-nina-de-dos-anos-fue-identificada-como-maia-monzon-de-2-anos","taxonomy":"post_tag","meta":[],"_links":{"self":[{"href":"https:\/\/eldiariodesanpedro.com.ar\/sitio\/wp-json\/wp\/v2\/tags\/4593","targetHints":{"allow":["GET"]}}],"collection":[{"href":"https:\/\/eldiariodesanpedro.com.ar\/sitio\/wp-json\/wp\/v2\/tags"}],"about":[{"href":"https:\/\/eldiariodesanpedro.com.ar\/sitio\/wp-json\/wp\/v2\/taxonomies\/post_tag"}],"wp:post_type":[{"href":"https:\/\/eldiariodesanpedro.com.ar\/sitio\/wp-json\/wp\/v2\/posts?tags=4593"}],"curies":[{"name":"wp","href":"https:\/\/api.w.org\/{rel}","templated":true}]}}