{"id":4554,"count":1,"description":"","link":"https:\/\/eldiariodesanpedro.com.ar\/sitio\/tag\/tragico-accidente-donde-fallecio-un-ciudadano-en-el-camino-de-guzzo-en-la-manana-de-hoy\/","name":"Tr\u00e1gico accidente donde falleci\u00f3 un ciudadano en el camino de Guzzo en la ma\u00f1ana de hoy","slug":"tragico-accidente-donde-fallecio-un-ciudadano-en-el-camino-de-guzzo-en-la-manana-de-hoy","taxonomy":"post_tag","meta":[],"_links":{"self":[{"href":"https:\/\/eldiariodesanpedro.com.ar\/sitio\/wp-json\/wp\/v2\/tags\/4554","targetHints":{"allow":["GET"]}}],"collection":[{"href":"https:\/\/eldiariodesanpedro.com.ar\/sitio\/wp-json\/wp\/v2\/tags"}],"about":[{"href":"https:\/\/eldiariodesanpedro.com.ar\/sitio\/wp-json\/wp\/v2\/taxonomies\/post_tag"}],"wp:post_type":[{"href":"https:\/\/eldiariodesanpedro.com.ar\/sitio\/wp-json\/wp\/v2\/posts?tags=4554"}],"curies":[{"name":"wp","href":"https:\/\/api.w.org\/{rel}","templated":true}]}}