{"id":4543,"count":2,"description":"","link":"https:\/\/eldiariodesanpedro.com.ar\/sitio\/tag\/campana-de-vacunacion-y-desparasitacion-para-caninos-y-felinos\/","name":"Campa\u00f1a de vacunaci\u00f3n y desparasitaci\u00f3n para caninos y felinos","slug":"campana-de-vacunacion-y-desparasitacion-para-caninos-y-felinos","taxonomy":"post_tag","meta":[],"_links":{"self":[{"href":"https:\/\/eldiariodesanpedro.com.ar\/sitio\/wp-json\/wp\/v2\/tags\/4543","targetHints":{"allow":["GET"]}}],"collection":[{"href":"https:\/\/eldiariodesanpedro.com.ar\/sitio\/wp-json\/wp\/v2\/tags"}],"about":[{"href":"https:\/\/eldiariodesanpedro.com.ar\/sitio\/wp-json\/wp\/v2\/taxonomies\/post_tag"}],"wp:post_type":[{"href":"https:\/\/eldiariodesanpedro.com.ar\/sitio\/wp-json\/wp\/v2\/posts?tags=4543"}],"curies":[{"name":"wp","href":"https:\/\/api.w.org\/{rel}","templated":true}]}}