{"id":4152,"count":1,"description":"","link":"https:\/\/eldiariodesanpedro.com.ar\/sitio\/tag\/pidieron-12-anos-de-prision-para-gabi-mendoza-acusado-de-abuso-sexual-dentro-del-penal-de-san-nicolas\/","name":"Pidieron 12 a\u00f1os de prisi\u00f3n para Gabi Mendoza acusado de abuso sexual dentro del penal de San Nicol\u00e1s","slug":"pidieron-12-anos-de-prision-para-gabi-mendoza-acusado-de-abuso-sexual-dentro-del-penal-de-san-nicolas","taxonomy":"post_tag","meta":[],"_links":{"self":[{"href":"https:\/\/eldiariodesanpedro.com.ar\/sitio\/wp-json\/wp\/v2\/tags\/4152","targetHints":{"allow":["GET"]}}],"collection":[{"href":"https:\/\/eldiariodesanpedro.com.ar\/sitio\/wp-json\/wp\/v2\/tags"}],"about":[{"href":"https:\/\/eldiariodesanpedro.com.ar\/sitio\/wp-json\/wp\/v2\/taxonomies\/post_tag"}],"wp:post_type":[{"href":"https:\/\/eldiariodesanpedro.com.ar\/sitio\/wp-json\/wp\/v2\/posts?tags=4152"}],"curies":[{"name":"wp","href":"https:\/\/api.w.org\/{rel}","templated":true}]}}