{"id":3323,"count":1,"description":"","link":"https:\/\/eldiariodesanpedro.com.ar\/sitio\/tag\/san-nicolas-dos-mujeres-radicadas-en-san-nicolas-convivian-con-los-profugos-del-triple-crimen-de-ibarlucea\/","name":"SAN NICOL\u00c1S | Dos mujeres radicadas en San Nicol\u00e1s conviv\u00edan con los pr\u00f3fugos del triple crimen de Ibarlucea","slug":"san-nicolas-dos-mujeres-radicadas-en-san-nicolas-convivian-con-los-profugos-del-triple-crimen-de-ibarlucea","taxonomy":"post_tag","meta":[],"_links":{"self":[{"href":"https:\/\/eldiariodesanpedro.com.ar\/sitio\/wp-json\/wp\/v2\/tags\/3323","targetHints":{"allow":["GET"]}}],"collection":[{"href":"https:\/\/eldiariodesanpedro.com.ar\/sitio\/wp-json\/wp\/v2\/tags"}],"about":[{"href":"https:\/\/eldiariodesanpedro.com.ar\/sitio\/wp-json\/wp\/v2\/taxonomies\/post_tag"}],"wp:post_type":[{"href":"https:\/\/eldiariodesanpedro.com.ar\/sitio\/wp-json\/wp\/v2\/posts?tags=3323"}],"curies":[{"name":"wp","href":"https:\/\/api.w.org\/{rel}","templated":true}]}}