{"id":3320,"count":1,"description":"","link":"https:\/\/eldiariodesanpedro.com.ar\/sitio\/tag\/san-nicolas-puente-flotante-a-partir-del-sabado-se-podra-ir-a-las-playas-en-vehiculos-particulares\/","name":"SAN NICOLAS | Puente flotante: a partir del s\u00e1bado se podr\u00e1 ir a las playas en veh\u00edculos particulares","slug":"san-nicolas-puente-flotante-a-partir-del-sabado-se-podra-ir-a-las-playas-en-vehiculos-particulares","taxonomy":"post_tag","meta":[],"_links":{"self":[{"href":"https:\/\/eldiariodesanpedro.com.ar\/sitio\/wp-json\/wp\/v2\/tags\/3320","targetHints":{"allow":["GET"]}}],"collection":[{"href":"https:\/\/eldiariodesanpedro.com.ar\/sitio\/wp-json\/wp\/v2\/tags"}],"about":[{"href":"https:\/\/eldiariodesanpedro.com.ar\/sitio\/wp-json\/wp\/v2\/taxonomies\/post_tag"}],"wp:post_type":[{"href":"https:\/\/eldiariodesanpedro.com.ar\/sitio\/wp-json\/wp\/v2\/posts?tags=3320"}],"curies":[{"name":"wp","href":"https:\/\/api.w.org\/{rel}","templated":true}]}}