{"id":3139,"count":1,"description":"","link":"https:\/\/eldiariodesanpedro.com.ar\/sitio\/tag\/en-noviembre-se-inaugurara-la-nueva-terminal-de-omnibus-de-san-pedro-un-plan-estrategico-que-comenzo-hace-30-anos\/","name":"En noviembre se inaugurar\u00e1 la nueva terminal de \u00f3mnibus de San Pedro: Un plan estrat\u00e9gico que comenz\u00f3 hace 30 a\u00f1os","slug":"en-noviembre-se-inaugurara-la-nueva-terminal-de-omnibus-de-san-pedro-un-plan-estrategico-que-comenzo-hace-30-anos","taxonomy":"post_tag","meta":[],"_links":{"self":[{"href":"https:\/\/eldiariodesanpedro.com.ar\/sitio\/wp-json\/wp\/v2\/tags\/3139","targetHints":{"allow":["GET"]}}],"collection":[{"href":"https:\/\/eldiariodesanpedro.com.ar\/sitio\/wp-json\/wp\/v2\/tags"}],"about":[{"href":"https:\/\/eldiariodesanpedro.com.ar\/sitio\/wp-json\/wp\/v2\/taxonomies\/post_tag"}],"wp:post_type":[{"href":"https:\/\/eldiariodesanpedro.com.ar\/sitio\/wp-json\/wp\/v2\/posts?tags=3139"}],"curies":[{"name":"wp","href":"https:\/\/api.w.org\/{rel}","templated":true}]}}