{"id":3034,"count":1,"description":"","link":"https:\/\/eldiariodesanpedro.com.ar\/sitio\/tag\/campana-nacional-de-vacunacion-para-la-aplicacion-de-la-dosis-de-triple-viral\/","name":"Campa\u00f1a Nacional de Vacunaci\u00f3n para la aplicaci\u00f3n de la dosis de Triple Viral","slug":"campana-nacional-de-vacunacion-para-la-aplicacion-de-la-dosis-de-triple-viral","taxonomy":"post_tag","meta":[],"_links":{"self":[{"href":"https:\/\/eldiariodesanpedro.com.ar\/sitio\/wp-json\/wp\/v2\/tags\/3034","targetHints":{"allow":["GET"]}}],"collection":[{"href":"https:\/\/eldiariodesanpedro.com.ar\/sitio\/wp-json\/wp\/v2\/tags"}],"about":[{"href":"https:\/\/eldiariodesanpedro.com.ar\/sitio\/wp-json\/wp\/v2\/taxonomies\/post_tag"}],"wp:post_type":[{"href":"https:\/\/eldiariodesanpedro.com.ar\/sitio\/wp-json\/wp\/v2\/posts?tags=3034"}],"curies":[{"name":"wp","href":"https:\/\/api.w.org\/{rel}","templated":true}]}}