{"id":3026,"count":1,"description":"","link":"https:\/\/eldiariodesanpedro.com.ar\/sitio\/tag\/nelson-goerner-hacer-musica-en-el-lugar-en-donde-uno-nacio-y-se-formo-es-muy-especial\/","name":"Nelson Goerner: \u201cHacer m\u00fasica en el lugar en donde uno naci\u00f3 y se form\u00f3 es muy especial\u201d","slug":"nelson-goerner-hacer-musica-en-el-lugar-en-donde-uno-nacio-y-se-formo-es-muy-especial","taxonomy":"post_tag","meta":[],"_links":{"self":[{"href":"https:\/\/eldiariodesanpedro.com.ar\/sitio\/wp-json\/wp\/v2\/tags\/3026","targetHints":{"allow":["GET"]}}],"collection":[{"href":"https:\/\/eldiariodesanpedro.com.ar\/sitio\/wp-json\/wp\/v2\/tags"}],"about":[{"href":"https:\/\/eldiariodesanpedro.com.ar\/sitio\/wp-json\/wp\/v2\/taxonomies\/post_tag"}],"wp:post_type":[{"href":"https:\/\/eldiariodesanpedro.com.ar\/sitio\/wp-json\/wp\/v2\/posts?tags=3026"}],"curies":[{"name":"wp","href":"https:\/\/api.w.org\/{rel}","templated":true}]}}