{"id":2835,"count":1,"description":"","link":"https:\/\/eldiariodesanpedro.com.ar\/sitio\/tag\/repudio-por-dichos-misoginos-y-homofobicos-de-martin-rivas-hacia-la-artista-costi-tratandola-de-muchacho-y-transformista\/","name":"Repudio por dichos mis\u00f3ginos y homof\u00f3bicos de Mart\u00edn Rivas hacia la artista Costi trat\u00e1ndola de &quot;muchacho y transformista&quot;","slug":"repudio-por-dichos-misoginos-y-homofobicos-de-martin-rivas-hacia-la-artista-costi-tratandola-de-muchacho-y-transformista","taxonomy":"post_tag","meta":[],"_links":{"self":[{"href":"https:\/\/eldiariodesanpedro.com.ar\/sitio\/wp-json\/wp\/v2\/tags\/2835","targetHints":{"allow":["GET"]}}],"collection":[{"href":"https:\/\/eldiariodesanpedro.com.ar\/sitio\/wp-json\/wp\/v2\/tags"}],"about":[{"href":"https:\/\/eldiariodesanpedro.com.ar\/sitio\/wp-json\/wp\/v2\/taxonomies\/post_tag"}],"wp:post_type":[{"href":"https:\/\/eldiariodesanpedro.com.ar\/sitio\/wp-json\/wp\/v2\/posts?tags=2835"}],"curies":[{"name":"wp","href":"https:\/\/api.w.org\/{rel}","templated":true}]}}