{"id":2704,"count":1,"description":"","link":"https:\/\/eldiariodesanpedro.com.ar\/sitio\/tag\/un-hombre-golpeo-a-un-nino-de-11-anos-sin-motivo-en-la-zona-de-bajo-cementerio\/","name":"Un hombre golpe\u00f3 a un ni\u00f1o de 11 a\u00f1os sin motivo en la zona de Bajo Cementerio","slug":"un-hombre-golpeo-a-un-nino-de-11-anos-sin-motivo-en-la-zona-de-bajo-cementerio","taxonomy":"post_tag","meta":[],"_links":{"self":[{"href":"https:\/\/eldiariodesanpedro.com.ar\/sitio\/wp-json\/wp\/v2\/tags\/2704","targetHints":{"allow":["GET"]}}],"collection":[{"href":"https:\/\/eldiariodesanpedro.com.ar\/sitio\/wp-json\/wp\/v2\/tags"}],"about":[{"href":"https:\/\/eldiariodesanpedro.com.ar\/sitio\/wp-json\/wp\/v2\/taxonomies\/post_tag"}],"wp:post_type":[{"href":"https:\/\/eldiariodesanpedro.com.ar\/sitio\/wp-json\/wp\/v2\/posts?tags=2704"}],"curies":[{"name":"wp","href":"https:\/\/api.w.org\/{rel}","templated":true}]}}