{"id":2648,"count":1,"description":"","link":"https:\/\/eldiariodesanpedro.com.ar\/sitio\/tag\/avances-en-el-proyecto-de-repavimentacion-de-ruta-1001-ante-el-ministro-de-obras-publicas-de-la-nacion\/","name":"Avances en el proyecto de repavimentaci\u00f3n de ruta 1001 ante el Ministro de Obras P\u00fablicas de la Naci\u00f3n","slug":"avances-en-el-proyecto-de-repavimentacion-de-ruta-1001-ante-el-ministro-de-obras-publicas-de-la-nacion","taxonomy":"post_tag","meta":[],"_links":{"self":[{"href":"https:\/\/eldiariodesanpedro.com.ar\/sitio\/wp-json\/wp\/v2\/tags\/2648","targetHints":{"allow":["GET"]}}],"collection":[{"href":"https:\/\/eldiariodesanpedro.com.ar\/sitio\/wp-json\/wp\/v2\/tags"}],"about":[{"href":"https:\/\/eldiariodesanpedro.com.ar\/sitio\/wp-json\/wp\/v2\/taxonomies\/post_tag"}],"wp:post_type":[{"href":"https:\/\/eldiariodesanpedro.com.ar\/sitio\/wp-json\/wp\/v2\/posts?tags=2648"}],"curies":[{"name":"wp","href":"https:\/\/api.w.org\/{rel}","templated":true}]}}