{"id":2575,"count":1,"description":"","link":"https:\/\/eldiariodesanpedro.com.ar\/sitio\/tag\/dos-de-ellos-ya-habian-cometido-otro-ilicito-el-pasado-sabado\/","name":"dos de ellos ya hab\u00edan cometido otro il\u00edcito el pasado s\u00e1bado","slug":"dos-de-ellos-ya-habian-cometido-otro-ilicito-el-pasado-sabado","taxonomy":"post_tag","meta":[],"_links":{"self":[{"href":"https:\/\/eldiariodesanpedro.com.ar\/sitio\/wp-json\/wp\/v2\/tags\/2575","targetHints":{"allow":["GET"]}}],"collection":[{"href":"https:\/\/eldiariodesanpedro.com.ar\/sitio\/wp-json\/wp\/v2\/tags"}],"about":[{"href":"https:\/\/eldiariodesanpedro.com.ar\/sitio\/wp-json\/wp\/v2\/taxonomies\/post_tag"}],"wp:post_type":[{"href":"https:\/\/eldiariodesanpedro.com.ar\/sitio\/wp-json\/wp\/v2\/posts?tags=2575"}],"curies":[{"name":"wp","href":"https:\/\/api.w.org\/{rel}","templated":true}]}}