{"id":2500,"count":1,"description":"","link":"https:\/\/eldiariodesanpedro.com.ar\/sitio\/tag\/el-gobernador-destaco-el-apoyo-al-desarrollo-tecnologico-de-la-produccion-en-un-acto-en-mercedes-con-la-presencia-del-intendente-salazar\/","name":"El Gobernador destac\u00f3 el apoyo al desarrollo tecnol\u00f3gico de la producci\u00f3n en un acto en Mercedes con la presencia del Intendente Salazar","slug":"el-gobernador-destaco-el-apoyo-al-desarrollo-tecnologico-de-la-produccion-en-un-acto-en-mercedes-con-la-presencia-del-intendente-salazar","taxonomy":"post_tag","meta":[],"_links":{"self":[{"href":"https:\/\/eldiariodesanpedro.com.ar\/sitio\/wp-json\/wp\/v2\/tags\/2500","targetHints":{"allow":["GET"]}}],"collection":[{"href":"https:\/\/eldiariodesanpedro.com.ar\/sitio\/wp-json\/wp\/v2\/tags"}],"about":[{"href":"https:\/\/eldiariodesanpedro.com.ar\/sitio\/wp-json\/wp\/v2\/taxonomies\/post_tag"}],"wp:post_type":[{"href":"https:\/\/eldiariodesanpedro.com.ar\/sitio\/wp-json\/wp\/v2\/posts?tags=2500"}],"curies":[{"name":"wp","href":"https:\/\/api.w.org\/{rel}","templated":true}]}}