{"id":9996,"date":"2016-11-10T10:01:33","date_gmt":"2016-11-10T13:01:33","guid":{"rendered":"https:\/\/eldiariodesanpedro.com.ar\/sitio\/?p=9996"},"modified":"2016-11-10T10:15:57","modified_gmt":"2016-11-10T13:15:57","slug":"accidente-entre-un-auto-y-una-bicicleta-senora-de-69-lesionada","status":"publish","type":"post","link":"https:\/\/eldiariodesanpedro.com.ar\/sitio\/accidente-entre-un-auto-y-una-bicicleta-senora-de-69-lesionada\/","title":{"rendered":"Accidente entre un auto y una bicicleta, se\u00f1ora de 69 lesionada"},"content":{"rendered":"<p><!-- VideographyWP Plugin Message: Automatic video embedding prevented by plugin options. --><br \/>\nEn esta ma\u00f1ana ocurri\u00f3 un accidente de transito en la intersecci\u00f3n de la Av.3 de febrero y Thorne, el siniestro ocurri\u00f3 entre un auto Fiat Palio gris conducido por una persona mayor, de 73 a\u00f1os y la otra persona tambi\u00e9n seria una se\u00f1ora de 69 a\u00f1os de edad quien circulaba en una bicicleta.<\/p>\n<p>Seg\u00fan nos cont\u00f3 la conductora del Fiat Palio ella venia por 3 de febrero saliendo de la carnicer\u00eda que se encuentra a una cuadra y al llegar a la esquina dobla a la izquierda, encandilada por el sol que justo lo tenia de frente no vio nada y solo sinti\u00f3 un ruido, reci\u00e9n al frenar se dio cuenta que hab\u00eda chocado una bicicleta. La se\u00f1ora que circulaba en la bicicleta fue trasladada al hospital y solo recibi\u00f3 heridas leves.<\/p>\n<p><a href=\"https:\/\/eldiariodesanpedro.com.ar\/sitio\/wp-content\/uploads\/2016\/11\/IMG_20161110_091148766_HDR.jpg\"><img decoding=\"async\" data-attachment-id=\"9998\" data-permalink=\"https:\/\/eldiariodesanpedro.com.ar\/sitio\/accidente-entre-un-auto-y-una-bicicleta-senora-de-69-lesionada\/img_20161110_091148766_hdr\/\" data-orig-file=\"https:\/\/eldiariodesanpedro.com.ar\/sitio\/wp-content\/uploads\/2016\/11\/IMG_20161110_091148766_HDR-e1478783736612.jpg\" data-orig-size=\"1024,576\" data-comments-opened=\"1\" data-image-meta=\"{&quot;aperture&quot;:&quot;2&quot;,&quot;credit&quot;:&quot;&quot;,&quot;camera&quot;:&quot;XT1572&quot;,&quot;caption&quot;:&quot;&quot;,&quot;created_timestamp&quot;:&quot;1478769108&quot;,&quot;copyright&quot;:&quot;&quot;,&quot;focal_length&quot;:&quot;4.67&quot;,&quot;iso&quot;:&quot;50&quot;,&quot;shutter_speed&quot;:&quot;0.00393&quot;,&quot;title&quot;:&quot;&quot;,&quot;orientation&quot;:&quot;0&quot;}\" data-image-title=\"img_20161110_091148766_hdr\" data-image-description=\"\" data-image-caption=\"\" data-large-file=\"https:\/\/eldiariodesanpedro.com.ar\/sitio\/wp-content\/uploads\/2016\/11\/IMG_20161110_091148766_HDR-1024x576.jpg\" class=\"alignnone wp-image-9998 lazyload\" data-src=\"https:\/\/eldiariodesanpedro.com.ar\/sitio\/wp-content\/uploads\/2016\/11\/IMG_20161110_091148766_HDR-300x169.jpg\" alt=\"img_20161110_091148766_hdr\" width=\"1047\" height=\"590\" src=\"data:image\/svg+xml;base64,PHN2ZyB3aWR0aD0iMSIgaGVpZ2h0PSIxIiB4bWxucz0iaHR0cDovL3d3dy53My5vcmcvMjAwMC9zdmciPjwvc3ZnPg==\" style=\"--smush-placeholder-width: 1047px; --smush-placeholder-aspect-ratio: 1047\/590;\" \/><\/a><\/p>\n","protected":false},"excerpt":{"rendered":"<p>En esta ma\u00f1ana ocurri\u00f3 un accidente de transito en la intersecci\u00f3n de la Av.3 de febrero y Thorne, el siniestro ocurri\u00f3 entre un auto Fiat Palio gris conducido por una persona mayor, de 73 a\u00f1os y la otra persona tambi\u00e9n seria una se\u00f1ora de 69 a\u00f1os de edad quien circulaba en una bicicleta. Seg\u00fan nos [&hellip;]<\/p>\n","protected":false},"author":4,"featured_media":9997,"comment_status":"open","ping_status":"closed","sticky":false,"template":"","format":"standard","meta":{"om_disable_all_campaigns":false,"_jetpack_memberships_contains_paid_content":false,"footnotes":""},"categories":[2,103],"tags":[],"class_list":["post-9996","post","type-post","status-publish","format-standard","has-post-thumbnail","hentry","category-locales","category-policiales-locales"],"aioseo_notices":[],"gutentor_comment":0,"jetpack_featured_media_url":"https:\/\/eldiariodesanpedro.com.ar\/sitio\/wp-content\/uploads\/2016\/11\/IMG-20161110-WA0006.jpg","jetpack_shortlink":"https:\/\/wp.me\/p6RhLt-2Be","jetpack_sharing_enabled":true,"_links":{"self":[{"href":"https:\/\/eldiariodesanpedro.com.ar\/sitio\/wp-json\/wp\/v2\/posts\/9996","targetHints":{"allow":["GET"]}}],"collection":[{"href":"https:\/\/eldiariodesanpedro.com.ar\/sitio\/wp-json\/wp\/v2\/posts"}],"about":[{"href":"https:\/\/eldiariodesanpedro.com.ar\/sitio\/wp-json\/wp\/v2\/types\/post"}],"author":[{"embeddable":true,"href":"https:\/\/eldiariodesanpedro.com.ar\/sitio\/wp-json\/wp\/v2\/users\/4"}],"replies":[{"embeddable":true,"href":"https:\/\/eldiariodesanpedro.com.ar\/sitio\/wp-json\/wp\/v2\/comments?post=9996"}],"version-history":[{"count":1,"href":"https:\/\/eldiariodesanpedro.com.ar\/sitio\/wp-json\/wp\/v2\/posts\/9996\/revisions"}],"predecessor-version":[{"id":9999,"href":"https:\/\/eldiariodesanpedro.com.ar\/sitio\/wp-json\/wp\/v2\/posts\/9996\/revisions\/9999"}],"wp:featuredmedia":[{"embeddable":true,"href":"https:\/\/eldiariodesanpedro.com.ar\/sitio\/wp-json\/wp\/v2\/media\/9997"}],"wp:attachment":[{"href":"https:\/\/eldiariodesanpedro.com.ar\/sitio\/wp-json\/wp\/v2\/media?parent=9996"}],"wp:term":[{"taxonomy":"category","embeddable":true,"href":"https:\/\/eldiariodesanpedro.com.ar\/sitio\/wp-json\/wp\/v2\/categories?post=9996"},{"taxonomy":"post_tag","embeddable":true,"href":"https:\/\/eldiariodesanpedro.com.ar\/sitio\/wp-json\/wp\/v2\/tags?post=9996"}],"curies":[{"name":"wp","href":"https:\/\/api.w.org\/{rel}","templated":true}]}}