{"id":99937,"date":"2021-10-03T17:42:15","date_gmt":"2021-10-03T20:42:15","guid":{"rendered":"https:\/\/eldiariodesanpedro.com.ar\/sitio\/?p=99937"},"modified":"2021-10-03T17:42:19","modified_gmt":"2021-10-03T20:42:19","slug":"se-secuestro-una-motocicleta-que-fue-robada-en-julio","status":"publish","type":"post","link":"https:\/\/eldiariodesanpedro.com.ar\/sitio\/se-secuestro-una-motocicleta-que-fue-robada-en-julio\/","title":{"rendered":"Se secuestr\u00f3 una motocicleta que fue robada en julio"},"content":{"rendered":"<!-- VideographyWP Plugin Message: Automatic video embedding prevented by plugin options. -->\n\n<p>Este s\u00e1bado alrededor de las 22 horas, el personal policial se hizo presente en calle San Mart\u00edn al 1700 secuestr\u00f3 150 cc conducido por delincuente joven de 17 a\u00f1os.<\/p>\n\n\n\n<p>La motocicleta&nbsp; registra&nbsp; pedido de secuestro activo por Robo con fecha&nbsp; 29 de julio de 2021 a requerimiento de la justicia de Baradero, interviene la justicia juvenil de San Nicol\u00e1s. El menor qued\u00f3 imputado de encubrimiento.<\/p>\n","protected":false},"excerpt":{"rendered":"<p>Este s\u00e1bado alrededor de las 22 horas, el personal policial se hizo presente en calle San Mart\u00edn al 1700 secuestr\u00f3 150 cc conducido por delincuente joven de 17 a\u00f1os. La motocicleta&nbsp; registra&nbsp; pedido de secuestro activo por Robo con fecha&nbsp; 29 de julio de 2021 a requerimiento de la justicia de Baradero, interviene la justicia [&hellip;]<\/p>\n","protected":false},"author":4,"featured_media":99938,"comment_status":"closed","ping_status":"closed","sticky":false,"template":"","format":"standard","meta":{"om_disable_all_campaigns":false,"_jetpack_memberships_contains_paid_content":false,"footnotes":""},"categories":[2,103],"tags":[197,33,95],"class_list":["post-99937","post","type-post","status-publish","format-standard","has-post-thumbnail","hentry","category-locales","category-policiales-locales","tag-buenos-aires","tag-locales","tag-policiales"],"aioseo_notices":[],"gutentor_comment":0,"jetpack_featured_media_url":"https:\/\/eldiariodesanpedro.com.ar\/sitio\/wp-content\/uploads\/2021\/10\/medida-1.jpg","jetpack_shortlink":"https:\/\/wp.me\/p6RhLt-pZT","jetpack_sharing_enabled":true,"_links":{"self":[{"href":"https:\/\/eldiariodesanpedro.com.ar\/sitio\/wp-json\/wp\/v2\/posts\/99937","targetHints":{"allow":["GET"]}}],"collection":[{"href":"https:\/\/eldiariodesanpedro.com.ar\/sitio\/wp-json\/wp\/v2\/posts"}],"about":[{"href":"https:\/\/eldiariodesanpedro.com.ar\/sitio\/wp-json\/wp\/v2\/types\/post"}],"author":[{"embeddable":true,"href":"https:\/\/eldiariodesanpedro.com.ar\/sitio\/wp-json\/wp\/v2\/users\/4"}],"replies":[{"embeddable":true,"href":"https:\/\/eldiariodesanpedro.com.ar\/sitio\/wp-json\/wp\/v2\/comments?post=99937"}],"version-history":[{"count":1,"href":"https:\/\/eldiariodesanpedro.com.ar\/sitio\/wp-json\/wp\/v2\/posts\/99937\/revisions"}],"predecessor-version":[{"id":99939,"href":"https:\/\/eldiariodesanpedro.com.ar\/sitio\/wp-json\/wp\/v2\/posts\/99937\/revisions\/99939"}],"wp:featuredmedia":[{"embeddable":true,"href":"https:\/\/eldiariodesanpedro.com.ar\/sitio\/wp-json\/wp\/v2\/media\/99938"}],"wp:attachment":[{"href":"https:\/\/eldiariodesanpedro.com.ar\/sitio\/wp-json\/wp\/v2\/media?parent=99937"}],"wp:term":[{"taxonomy":"category","embeddable":true,"href":"https:\/\/eldiariodesanpedro.com.ar\/sitio\/wp-json\/wp\/v2\/categories?post=99937"},{"taxonomy":"post_tag","embeddable":true,"href":"https:\/\/eldiariodesanpedro.com.ar\/sitio\/wp-json\/wp\/v2\/tags?post=99937"}],"curies":[{"name":"wp","href":"https:\/\/api.w.org\/{rel}","templated":true}]}}