{"id":99934,"date":"2021-10-03T17:15:34","date_gmt":"2021-10-03T20:15:34","guid":{"rendered":"https:\/\/eldiariodesanpedro.com.ar\/sitio\/?p=99934"},"modified":"2021-10-03T17:15:37","modified_gmt":"2021-10-03T20:15:37","slug":"delincuente-trato-de-robar-una-despensa-con-una-botella-rota-y-el-dueno-le-dio-una-golpiza","status":"publish","type":"post","link":"https:\/\/eldiariodesanpedro.com.ar\/sitio\/delincuente-trato-de-robar-una-despensa-con-una-botella-rota-y-el-dueno-le-dio-una-golpiza\/","title":{"rendered":"Delincuente trat\u00f3 de robar una despensa con una botella rota y el due\u00f1o le dio una golpiza"},"content":{"rendered":"<!-- VideographyWP Plugin Message: Automatic video embedding prevented by plugin options. -->\n\n<p>Es s\u00e1bado alrededor de las 21:30 horas, el personal policial de nuestra ciudad se hace presente en calle Salta e Irlanda con la colaboraci\u00f3n&nbsp; de terceros aprehender delincuentes masculino de 22 a\u00f1os de edad.&nbsp;<\/p>\n\n\n\n<p>El caco fugaba tras intentar cometer robo en un comercio ubicado en calle&nbsp; Pellegrini al 2400 rubro despensa, el cual se hallaba abierto al p\u00fablico.&nbsp;<\/p>\n\n\n\n<p>El delincuente, domiciliado en Baradero, ingres\u00f3 al local con una botella rota con la que intimid\u00f3 al propietario para robarle, quien se defendi\u00f3 impidiendo el hecho y puso en fuga el delincuente&nbsp; que fue detenido a una cuadra y media.&nbsp;<\/p>\n\n\n\n<p>La v\u00edctima un masculino de 24 a\u00f1os result\u00f3 ileso y radic\u00f3 la correspondiente denuncia. El aprehendido permanece en sede policial a disposici\u00f3n de la justicia local.<\/p>\n","protected":false},"excerpt":{"rendered":"<p>Es s\u00e1bado alrededor de las 21:30 horas, el personal policial de nuestra ciudad se hace presente en calle Salta e Irlanda con la colaboraci\u00f3n&nbsp; de terceros aprehender delincuentes masculino de 22 a\u00f1os de edad.&nbsp; El caco fugaba tras intentar cometer robo en un comercio ubicado en calle&nbsp; Pellegrini al 2400 rubro despensa, el cual se [&hellip;]<\/p>\n","protected":false},"author":4,"featured_media":99935,"comment_status":"closed","ping_status":"closed","sticky":false,"template":"","format":"standard","meta":{"om_disable_all_campaigns":false,"_jetpack_memberships_contains_paid_content":false,"footnotes":""},"categories":[50,2,103],"tags":[197,696,33,19],"class_list":["post-99934","post","type-post","status-publish","format-standard","has-post-thumbnail","hentry","category-destacadas","category-locales","category-policiales-locales","tag-buenos-aires","tag-interes-general","tag-locales","tag-san-pedro"],"aioseo_notices":[],"gutentor_comment":0,"jetpack_featured_media_url":"https:\/\/eldiariodesanpedro.com.ar\/sitio\/wp-content\/uploads\/2021\/10\/medida.jpg","jetpack_shortlink":"https:\/\/wp.me\/p6RhLt-pZQ","jetpack_sharing_enabled":true,"_links":{"self":[{"href":"https:\/\/eldiariodesanpedro.com.ar\/sitio\/wp-json\/wp\/v2\/posts\/99934","targetHints":{"allow":["GET"]}}],"collection":[{"href":"https:\/\/eldiariodesanpedro.com.ar\/sitio\/wp-json\/wp\/v2\/posts"}],"about":[{"href":"https:\/\/eldiariodesanpedro.com.ar\/sitio\/wp-json\/wp\/v2\/types\/post"}],"author":[{"embeddable":true,"href":"https:\/\/eldiariodesanpedro.com.ar\/sitio\/wp-json\/wp\/v2\/users\/4"}],"replies":[{"embeddable":true,"href":"https:\/\/eldiariodesanpedro.com.ar\/sitio\/wp-json\/wp\/v2\/comments?post=99934"}],"version-history":[{"count":1,"href":"https:\/\/eldiariodesanpedro.com.ar\/sitio\/wp-json\/wp\/v2\/posts\/99934\/revisions"}],"predecessor-version":[{"id":99936,"href":"https:\/\/eldiariodesanpedro.com.ar\/sitio\/wp-json\/wp\/v2\/posts\/99934\/revisions\/99936"}],"wp:featuredmedia":[{"embeddable":true,"href":"https:\/\/eldiariodesanpedro.com.ar\/sitio\/wp-json\/wp\/v2\/media\/99935"}],"wp:attachment":[{"href":"https:\/\/eldiariodesanpedro.com.ar\/sitio\/wp-json\/wp\/v2\/media?parent=99934"}],"wp:term":[{"taxonomy":"category","embeddable":true,"href":"https:\/\/eldiariodesanpedro.com.ar\/sitio\/wp-json\/wp\/v2\/categories?post=99934"},{"taxonomy":"post_tag","embeddable":true,"href":"https:\/\/eldiariodesanpedro.com.ar\/sitio\/wp-json\/wp\/v2\/tags?post=99934"}],"curies":[{"name":"wp","href":"https:\/\/api.w.org\/{rel}","templated":true}]}}