{"id":99932,"date":"2021-10-03T17:00:39","date_gmt":"2021-10-03T20:00:39","guid":{"rendered":"https:\/\/eldiariodesanpedro.com.ar\/sitio\/?p=99932"},"modified":"2021-10-03T17:00:44","modified_gmt":"2021-10-03T20:00:44","slug":"reencuentro-presencial-de-secretarias-y-secretarios-generales-del-movimiento-mercantil-interior","status":"publish","type":"post","link":"https:\/\/eldiariodesanpedro.com.ar\/sitio\/reencuentro-presencial-de-secretarias-y-secretarios-generales-del-movimiento-mercantil-interior\/","title":{"rendered":"Reencuentro presencial de secretarias y secretarios generales del movimiento mercantil interior"},"content":{"rendered":"<!-- VideographyWP Plugin Message: Automatic video embedding prevented by plugin options. -->\n\n<p>Este mi\u00e9rcoles 29 de septiembre, el Sindicato de Empleados de Comercio de San Pedro estuvo representado por su Secretario General Marcelo Mosteiro, en el primer encuentro presencial de dirigentes del sector, tras la Pandemia de Covid-19.<br><br>En Mar del Plata, con la asistencia de m\u00e1s de 120 delegaciones de todo el pa\u00eds participaron del encuentro convocado bajo el lema: \u00abSin unidad no hay futuro\u00bb.<br><br>Referentes de los sindicatos de comercio de todo el pa\u00eds con el acompa\u00f1amiento de representantes de los distintos nucleamientos internos de la Federaci\u00f3n Argentina de Empleados de Comercio y Servicios (FAECyS) y el Movimiento Mercantil del Interior (MMI), volvieron a tener la oportunidad de analizar la situaci\u00f3n del sector de manera conjunta y en un espacio de debate presencial.<br><br>Jos\u00e9 Gonz\u00e1lez, secretario general del MMI fue el encargado de agradecer a todos los presentes y de transmitir el mensaje del Secretario General de la Federaci\u00f3n Armando Cavalieri.<br><br>Los participantes destacaron el valor de volver a encontrarse para expresar las inquietudes y problem\u00e1ticas que afectan a diario a los\/las trabajadores\/as mercantiles, resaltando la importancia de la escucha y el trabajo en unidad como herramienta fundamental.<br><br>Desde nuestra zona, el Secretario General del SEC San Pedro, Marcelo Mosteiro plante\u00f3 la preocupaci\u00f3n que existe sobre las dificultades que se presentan en el interior con el seguimiento de las prestaciones de salud y tambi\u00e9n destac\u00f3 la utilidad de estos espacios de unidad dentro del movimiento mercantil nacional.<br><\/p>\n","protected":false},"excerpt":{"rendered":"<p>Este mi\u00e9rcoles 29 de septiembre, el Sindicato de Empleados de Comercio de San Pedro estuvo representado por su Secretario General Marcelo Mosteiro, en el primer encuentro presencial de dirigentes del sector, tras la Pandemia de Covid-19. En Mar del Plata, con la asistencia de m\u00e1s de 120 delegaciones de todo el pa\u00eds participaron del encuentro [&hellip;]<\/p>\n","protected":false},"author":4,"featured_media":0,"comment_status":"closed","ping_status":"closed","sticky":false,"template":"","format":"standard","meta":{"om_disable_all_campaigns":false,"_jetpack_memberships_contains_paid_content":false,"footnotes":""},"categories":[2],"tags":[197,696,33,19],"class_list":["post-99932","post","type-post","status-publish","format-standard","hentry","category-locales","tag-buenos-aires","tag-interes-general","tag-locales","tag-san-pedro"],"aioseo_notices":[],"gutentor_comment":0,"jetpack_featured_media_url":"","jetpack_shortlink":"https:\/\/wp.me\/p6RhLt-pZO","jetpack_sharing_enabled":true,"_links":{"self":[{"href":"https:\/\/eldiariodesanpedro.com.ar\/sitio\/wp-json\/wp\/v2\/posts\/99932","targetHints":{"allow":["GET"]}}],"collection":[{"href":"https:\/\/eldiariodesanpedro.com.ar\/sitio\/wp-json\/wp\/v2\/posts"}],"about":[{"href":"https:\/\/eldiariodesanpedro.com.ar\/sitio\/wp-json\/wp\/v2\/types\/post"}],"author":[{"embeddable":true,"href":"https:\/\/eldiariodesanpedro.com.ar\/sitio\/wp-json\/wp\/v2\/users\/4"}],"replies":[{"embeddable":true,"href":"https:\/\/eldiariodesanpedro.com.ar\/sitio\/wp-json\/wp\/v2\/comments?post=99932"}],"version-history":[{"count":1,"href":"https:\/\/eldiariodesanpedro.com.ar\/sitio\/wp-json\/wp\/v2\/posts\/99932\/revisions"}],"predecessor-version":[{"id":99933,"href":"https:\/\/eldiariodesanpedro.com.ar\/sitio\/wp-json\/wp\/v2\/posts\/99932\/revisions\/99933"}],"wp:attachment":[{"href":"https:\/\/eldiariodesanpedro.com.ar\/sitio\/wp-json\/wp\/v2\/media?parent=99932"}],"wp:term":[{"taxonomy":"category","embeddable":true,"href":"https:\/\/eldiariodesanpedro.com.ar\/sitio\/wp-json\/wp\/v2\/categories?post=99932"},{"taxonomy":"post_tag","embeddable":true,"href":"https:\/\/eldiariodesanpedro.com.ar\/sitio\/wp-json\/wp\/v2\/tags?post=99932"}],"curies":[{"name":"wp","href":"https:\/\/api.w.org\/{rel}","templated":true}]}}