{"id":99928,"date":"2021-10-03T15:26:10","date_gmt":"2021-10-03T18:26:10","guid":{"rendered":"https:\/\/eldiariodesanpedro.com.ar\/sitio\/?p=99928"},"modified":"2021-10-03T15:26:14","modified_gmt":"2021-10-03T18:26:14","slug":"la-obra-mas-esperada-la-peatonal-del-centenario-sera-urbanizada","status":"publish","type":"post","link":"https:\/\/eldiariodesanpedro.com.ar\/sitio\/la-obra-mas-esperada-la-peatonal-del-centenario-sera-urbanizada\/","title":{"rendered":"La obra m\u00e1s esperada: La peatonal del Centenario ser\u00e1 urbanizada"},"content":{"rendered":"<!-- VideographyWP Plugin Message: Automatic video embedding prevented by plugin options. -->\n\n<p>La obra sobre las calles Balcarce y Obligado dar\u00e1 inicio en los pr\u00f3ximos d\u00edas, la realizar\u00e1 la Coopser y ser\u00e1 financiada por el gobierno de la provincia de Buenos Aires.<\/p>\n\n\n\n<p>A pedido de los vecinos y comerciantes las autoridades de gobierno confirmaron que se tom\u00f3 la decisi\u00f3n de realizar una obra tan esperada como necesaria.<\/p>\n\n\n\n<p>La obra ser\u00e1 concretada por la Coopser y se financiar\u00e1 a trav\u00e9s del gobierno provincial. La misma se concreta luego de varias evaluaciones que se hicieron pero sin dudas se tuvo en cuenta lo solicitado por los vecinos y comerciantes de las calles Balcarce y Obligado quienes desde hace tiempo ven\u00edan reclamando una mayor atenci\u00f3n para ese sector de la ciudad que nunca lleg\u00f3 cumplir el objetivo principal del proyecto.<\/p>\n\n\n\n<p>En los pr\u00f3ximos d\u00edas dar\u00e1 inicio la urbanizaci\u00f3n de la peatonal del Centenario, un proyecto propuesto en su momento por el ingeniero Jorge Ponzio, cuando este se desempe\u00f1\u00f3 como Secretario del Intendente Salazar y que siempre estuvo en evaluaci\u00f3n por la gesti\u00f3n. Ahora, con el apoyo de los vecinos se podr\u00e1 llevar a cabo.<\/p>\n\n\n\n<p>Tanto el Secretario de Obras P\u00fablicas Javier Silva como el Secretario de Coordinaci\u00f3n Ram\u00f3n Salazar celebraron la decisi\u00f3n ya que sin dudas le devolver\u00e1 al centro de la ciudad el aspecto original que no deber\u00eda haber perdido.<\/p>\n\n\n\n<p>El proyecto incluye la apertura de las dos cuadras comprendidas por las calles 25 de Mayo, Mitre y Pellegrini, tendr\u00e1 un espacio para la circulaci\u00f3n de dos veh\u00edculos, no se podr\u00e1 estacionar y se construir\u00e1n veredas m\u00e1s amplias de las que exist\u00edan originalmente, lo que permitir\u00e1 tambi\u00e9n utilizarla como peatonal cuando sea necesario.<\/p>\n\n\n\n<p>El suelo se construir\u00e1 con adoquines y toda la vegetaci\u00f3n existente en esas dos cuadras se reubicar\u00e1 en otro sector de la ciudad. A la vez tambi\u00e9n se tuvo en cuenta que la obra est\u00e9 concretada antes de fin de a\u00f1o para acompa\u00f1ar la apertura de la temporada tur\u00edstica y la llegada de visitantes a la ciudad.<\/p>\n\n\n\n<p>La peatonal del Centenario, ideada en su momento por el arquitecto Diego Chediak durante la gesti\u00f3n de Mario Barbieri como Intendente, desde su propia creaci\u00f3n present\u00f3 diversos inconvenientes en su construcci\u00f3n con cuestionamientos incluidos y deterioro constante, adem\u00e1s de quitarle circulaci\u00f3n al centro de la ciudad y comodidad para usuarios y comerciantes. \u00a0\u00a0<\/p>\n\n\n\n<figure class=\"wp-block-image size-large\"><img decoding=\"async\" width=\"1024\" height=\"484\" data-attachment-id=\"99930\" data-permalink=\"https:\/\/eldiariodesanpedro.com.ar\/sitio\/la-obra-mas-esperada-la-peatonal-del-centenario-sera-urbanizada\/descarga-2-1\/\" data-orig-file=\"https:\/\/eldiariodesanpedro.com.ar\/sitio\/wp-content\/uploads\/2021\/10\/descarga-2-1.jpg\" data-orig-size=\"1280,605\" data-comments-opened=\"0\" data-image-meta=\"{&quot;aperture&quot;:&quot;0&quot;,&quot;credit&quot;:&quot;&quot;,&quot;camera&quot;:&quot;&quot;,&quot;caption&quot;:&quot;&quot;,&quot;created_timestamp&quot;:&quot;0&quot;,&quot;copyright&quot;:&quot;&quot;,&quot;focal_length&quot;:&quot;0&quot;,&quot;iso&quot;:&quot;0&quot;,&quot;shutter_speed&quot;:&quot;0&quot;,&quot;title&quot;:&quot;&quot;,&quot;orientation&quot;:&quot;0&quot;}\" data-image-title=\"descarga-2-1\" data-image-description=\"\" data-image-caption=\"\" data-large-file=\"https:\/\/eldiariodesanpedro.com.ar\/sitio\/wp-content\/uploads\/2021\/10\/descarga-2-1-1024x484.jpg\" data-src=\"https:\/\/eldiariodesanpedro.com.ar\/sitio\/wp-content\/uploads\/2021\/10\/descarga-2-1-1024x484.jpg\" alt=\"\" class=\"wp-image-99930 lazyload\" data-srcset=\"https:\/\/eldiariodesanpedro.com.ar\/sitio\/wp-content\/uploads\/2021\/10\/descarga-2-1-1024x484.jpg 1024w, https:\/\/eldiariodesanpedro.com.ar\/sitio\/wp-content\/uploads\/2021\/10\/descarga-2-1-300x142.jpg 300w, https:\/\/eldiariodesanpedro.com.ar\/sitio\/wp-content\/uploads\/2021\/10\/descarga-2-1-768x363.jpg 768w, https:\/\/eldiariodesanpedro.com.ar\/sitio\/wp-content\/uploads\/2021\/10\/descarga-2-1.jpg 1280w\" data-sizes=\"(max-width: 1024px) 100vw, 1024px\" src=\"data:image\/svg+xml;base64,PHN2ZyB3aWR0aD0iMSIgaGVpZ2h0PSIxIiB4bWxucz0iaHR0cDovL3d3dy53My5vcmcvMjAwMC9zdmciPjwvc3ZnPg==\" style=\"--smush-placeholder-width: 1024px; --smush-placeholder-aspect-ratio: 1024\/484;\" \/><\/figure>\n","protected":false},"excerpt":{"rendered":"<p>La obra sobre las calles Balcarce y Obligado dar\u00e1 inicio en los pr\u00f3ximos d\u00edas, la realizar\u00e1 la Coopser y ser\u00e1 financiada por el gobierno de la provincia de Buenos Aires. A pedido de los vecinos y comerciantes las autoridades de gobierno confirmaron que se tom\u00f3 la decisi\u00f3n de realizar una obra tan esperada como necesaria. [&hellip;]<\/p>\n","protected":false},"author":4,"featured_media":99929,"comment_status":"closed","ping_status":"closed","sticky":false,"template":"","format":"standard","meta":{"om_disable_all_campaigns":false,"_jetpack_memberships_contains_paid_content":false,"footnotes":""},"categories":[50,101,2],"tags":[197,696,33,19],"class_list":["post-99928","post","type-post","status-publish","format-standard","has-post-thumbnail","hentry","category-destacadas","category-interes-general-locales","category-locales","tag-buenos-aires","tag-interes-general","tag-locales","tag-san-pedro"],"aioseo_notices":[],"gutentor_comment":0,"jetpack_featured_media_url":"https:\/\/eldiariodesanpedro.com.ar\/sitio\/wp-content\/uploads\/2021\/10\/0000020380-resized-1920x1080-1.jpeg","jetpack_shortlink":"https:\/\/wp.me\/p6RhLt-pZK","jetpack_sharing_enabled":true,"_links":{"self":[{"href":"https:\/\/eldiariodesanpedro.com.ar\/sitio\/wp-json\/wp\/v2\/posts\/99928","targetHints":{"allow":["GET"]}}],"collection":[{"href":"https:\/\/eldiariodesanpedro.com.ar\/sitio\/wp-json\/wp\/v2\/posts"}],"about":[{"href":"https:\/\/eldiariodesanpedro.com.ar\/sitio\/wp-json\/wp\/v2\/types\/post"}],"author":[{"embeddable":true,"href":"https:\/\/eldiariodesanpedro.com.ar\/sitio\/wp-json\/wp\/v2\/users\/4"}],"replies":[{"embeddable":true,"href":"https:\/\/eldiariodesanpedro.com.ar\/sitio\/wp-json\/wp\/v2\/comments?post=99928"}],"version-history":[{"count":1,"href":"https:\/\/eldiariodesanpedro.com.ar\/sitio\/wp-json\/wp\/v2\/posts\/99928\/revisions"}],"predecessor-version":[{"id":99931,"href":"https:\/\/eldiariodesanpedro.com.ar\/sitio\/wp-json\/wp\/v2\/posts\/99928\/revisions\/99931"}],"wp:featuredmedia":[{"embeddable":true,"href":"https:\/\/eldiariodesanpedro.com.ar\/sitio\/wp-json\/wp\/v2\/media\/99929"}],"wp:attachment":[{"href":"https:\/\/eldiariodesanpedro.com.ar\/sitio\/wp-json\/wp\/v2\/media?parent=99928"}],"wp:term":[{"taxonomy":"category","embeddable":true,"href":"https:\/\/eldiariodesanpedro.com.ar\/sitio\/wp-json\/wp\/v2\/categories?post=99928"},{"taxonomy":"post_tag","embeddable":true,"href":"https:\/\/eldiariodesanpedro.com.ar\/sitio\/wp-json\/wp\/v2\/tags?post=99928"}],"curies":[{"name":"wp","href":"https:\/\/api.w.org\/{rel}","templated":true}]}}