{"id":99925,"date":"2021-10-03T12:47:59","date_gmt":"2021-10-03T15:47:59","guid":{"rendered":"https:\/\/eldiariodesanpedro.com.ar\/sitio\/?p=99925"},"modified":"2021-10-03T12:48:09","modified_gmt":"2021-10-03T15:48:09","slug":"karting-daniel-codesido-gano-en-carmen-de-areco","status":"publish","type":"post","link":"https:\/\/eldiariodesanpedro.com.ar\/sitio\/karting-daniel-codesido-gano-en-carmen-de-areco\/","title":{"rendered":"Karting: Daniel Codesido gan\u00f3 en Carmen de Areco"},"content":{"rendered":"<!-- VideographyWP Plugin Message: Automatic video embedding prevented by plugin options. -->\n\n<p>El piloto sampedrino se impuso en las dos competencias que se corrieron el fin de semana en la vecina ciudad. Tambi\u00e9n sobresali\u00f3 Punt\u00edn.<\/p>\n\n\n\n<p>Durante el \u00faltimo fin de semana se disputaron la cuarta y quinta fecha del torneo anual de Karting perteneciente a Fedenor. Fue en el Kart\u00f3dromo Municipal de la ciudad de Carmen de Areco con la participaci\u00f3n de los mejores exponentes de la categor\u00eda, entre ellos varios sampedrinos que tuvieron una excelente intervenci\u00f3n.<\/p>\n\n\n\n<p>Quien tuvo un fin de semana perfecto fue Daniel Codesido al imponerse en las dos competencias pertenecientes a la divisi\u00f3n 150cc M\u00e1ster. En la primera carrera Codesido fue seguido por Federico Coccaro y Lucas Amato, mientras que en la segunda prueba aventaj\u00f3 a Eugenio Elizalde y Rodolfo Urriticoechea.<\/p>\n\n\n\n<p>En esta misma categor\u00eda, Esteban Fern\u00e1ndez se ubic\u00f3 en el 17mo. lugar de la competencia inicial mientras que debi\u00f3 desertar en la segunda carrera.<\/p>\n\n\n\n<p>En la prueba de la categor\u00eda 150cc Senior, Mat\u00edas Punt\u00edn fue tercero en la segunda carrera del fin de semana y d\u00e9cimo en la primera, mientras que el talense Nereo Villa fue s\u00e9ptimo en ambas carreras.<\/p>\n\n\n\n<p>En la categor\u00eda 150cc S\u00faper M\u00e1ster, Facundo Villa, se clasific\u00f3 quinto en las dos competencias del fin de semana siendo uno de los destacados de la divisional, mientras que Gonzalo Beneduchi fue quinto y sexto, el otro sampedrino, Fernando Bast\u00eda se clasific\u00f3 und\u00e9cimo y noveno.<\/p>\n\n\n\n<p>El calendario anual de Fedenor indica que la pr\u00f3xima doble fecha del certamen volver\u00e1 a disputarse los d\u00edas 16 y 17 de octubre en el mismo circuito donde se corri\u00f3 el \u00faltimo fin de semana.&nbsp;<\/p>\n","protected":false},"excerpt":{"rendered":"<p>El piloto sampedrino se impuso en las dos competencias que se corrieron el fin de semana en la vecina ciudad. Tambi\u00e9n sobresali\u00f3 Punt\u00edn. Durante el \u00faltimo fin de semana se disputaron la cuarta y quinta fecha del torneo anual de Karting perteneciente a Fedenor. Fue en el Kart\u00f3dromo Municipal de la ciudad de Carmen de [&hellip;]<\/p>\n","protected":false},"author":4,"featured_media":99926,"comment_status":"closed","ping_status":"closed","sticky":false,"template":"","format":"standard","meta":{"om_disable_all_campaigns":false,"_jetpack_memberships_contains_paid_content":false,"footnotes":""},"categories":[101,2],"tags":[197,696,33,19],"class_list":["post-99925","post","type-post","status-publish","format-standard","has-post-thumbnail","hentry","category-interes-general-locales","category-locales","tag-buenos-aires","tag-interes-general","tag-locales","tag-san-pedro"],"aioseo_notices":[],"gutentor_comment":0,"jetpack_featured_media_url":"https:\/\/eldiariodesanpedro.com.ar\/sitio\/wp-content\/uploads\/2021\/10\/0000020363-resized-1920x1080-1.jpeg","jetpack_shortlink":"https:\/\/wp.me\/p6RhLt-pZH","jetpack_sharing_enabled":true,"_links":{"self":[{"href":"https:\/\/eldiariodesanpedro.com.ar\/sitio\/wp-json\/wp\/v2\/posts\/99925","targetHints":{"allow":["GET"]}}],"collection":[{"href":"https:\/\/eldiariodesanpedro.com.ar\/sitio\/wp-json\/wp\/v2\/posts"}],"about":[{"href":"https:\/\/eldiariodesanpedro.com.ar\/sitio\/wp-json\/wp\/v2\/types\/post"}],"author":[{"embeddable":true,"href":"https:\/\/eldiariodesanpedro.com.ar\/sitio\/wp-json\/wp\/v2\/users\/4"}],"replies":[{"embeddable":true,"href":"https:\/\/eldiariodesanpedro.com.ar\/sitio\/wp-json\/wp\/v2\/comments?post=99925"}],"version-history":[{"count":1,"href":"https:\/\/eldiariodesanpedro.com.ar\/sitio\/wp-json\/wp\/v2\/posts\/99925\/revisions"}],"predecessor-version":[{"id":99927,"href":"https:\/\/eldiariodesanpedro.com.ar\/sitio\/wp-json\/wp\/v2\/posts\/99925\/revisions\/99927"}],"wp:featuredmedia":[{"embeddable":true,"href":"https:\/\/eldiariodesanpedro.com.ar\/sitio\/wp-json\/wp\/v2\/media\/99926"}],"wp:attachment":[{"href":"https:\/\/eldiariodesanpedro.com.ar\/sitio\/wp-json\/wp\/v2\/media?parent=99925"}],"wp:term":[{"taxonomy":"category","embeddable":true,"href":"https:\/\/eldiariodesanpedro.com.ar\/sitio\/wp-json\/wp\/v2\/categories?post=99925"},{"taxonomy":"post_tag","embeddable":true,"href":"https:\/\/eldiariodesanpedro.com.ar\/sitio\/wp-json\/wp\/v2\/tags?post=99925"}],"curies":[{"name":"wp","href":"https:\/\/api.w.org\/{rel}","templated":true}]}}