{"id":99921,"date":"2021-10-03T12:12:08","date_gmt":"2021-10-03T15:12:08","guid":{"rendered":"https:\/\/eldiariodesanpedro.com.ar\/sitio\/?p=99921"},"modified":"2021-10-03T12:12:11","modified_gmt":"2021-10-03T15:12:11","slug":"entrevista-a-mario-macchi-estamos-trabajando-en-un-proyecto-de-viviendas-economicas-2","status":"publish","type":"post","link":"https:\/\/eldiariodesanpedro.com.ar\/sitio\/entrevista-a-mario-macchi-estamos-trabajando-en-un-proyecto-de-viviendas-economicas-2\/","title":{"rendered":"Entrevista a Mario Macchi: \u00abEstamos trabajando en un proyecto de viviendas econ\u00f3micas\u00bb"},"content":{"rendered":"<!-- VideographyWP Plugin Message: Automatic video embedding prevented by plugin options. -->\n\n<p>El constructor visit\u00f3 los estudios de FM G\u00e9nesis y se refiri\u00f3 a la historia de su empresa, de las decisiones tomadas cuando las cosas no les salieron bien y de c\u00f3mo pudieron salir adelante.<\/p>\n\n\n\n<p>Hablar de Macchi en San Pedro es hablar de la construcci\u00f3n, de quienes a pesar de la experiencia en el rubro tuvieron que lucharla como todos e imponerse ante un mercado que les era esquivo m\u00e1s un sistema perjudicial.<\/p>\n\n\n\n<p>Mario Macchi, titular de Construmac, estuvo en los estudios de FM G\u00e9nesis, y particip\u00f3 de una entrevista en el programa Urbano, que se emite todas las tardes por la 106.7. &nbsp;<\/p>\n\n\n\n<p>\u00abLa empresa nuestra ya no existe m\u00e1s, que le qued\u00f3 el nombre nada m\u00e1s, quedamos mi hermana&nbsp;y yo, pero la empresa que ten\u00edamos que nos dej\u00f3 nuestro pap\u00e1 con 40 a\u00f1os de laburo ya no existe m\u00e1s\u00bb, comenz\u00f3 contando Mario Macchi haciendo referencia a Macchi Construcciones.<\/p>\n\n\n\n<p>\u00abLamentablemente lo hicimos porque las cosas no nos hab\u00edan salido bien, tuvimos que vender los activos para poder cumplir con las obligaciones y que todav\u00eda no hemos terminado, y porque los tiempos de hoy son muy distintos a los de hace 30 a\u00f1os\u00bb.<\/p>\n\n\n\n<p>\u00abNosotros \u00e9ramos la \u00fanica empresa constructora en la zona con dep\u00f3sitos, maquinas propias, camiones, camionetas, y hoy para lo que se trabaja en San Pedro y alrededores ser\u00eda imposible mantenerla\u00bb, manifest\u00f3.<\/p>\n\n\n\n<p>\u00abLa construcci\u00f3n dej\u00f3 de ser rentable para quien trabaja en la construcci\u00f3n, es rentable para quien invierte pero para que el que hace la obra dej\u00f3 de serlo, la competencia es muy grande, est\u00e1 todo nivelado para abajo y hacer una diferencia se hace muy dif\u00edcil\u00bb.<\/p>\n\n\n\n<p>Mario Macchi se refiri\u00f3 al presente de la empresa y las decisiones que debieron tomar para poder continuar. \u00abHoy la constructora se llama Construmac, pero tenemos muchos a\u00f1os de historia sobre nuestras espaldas y la construcci\u00f3n de edificios emblem\u00e1ticos de la ciudad como el edificio de Arnaldo y Pellegrini, el edificio de Tres de Febrero y Pellegrini, el hotel San Juli\u00e1n que cuando lo tomamos estaba el esqueleto de hormig\u00f3n, la ampliaci\u00f3n de la escuela 1 en el a\u00f1o 98, y muchas casas particulares\u00bb, coment\u00f3.<\/p>\n\n\n\n<p>\u00abAhora estamos con un proyecto muy interesante que la verdad apareci\u00f3 de la forma menos esperada y extra\u00f1a\u00bb, destac\u00f3 Macchi.<\/p>\n\n\n\n<p>\u00abEn marzo del a\u00f1o pasado, unos d\u00edas antes de la pandemia, me puse a trabajar en un proyecto de viviendas econ\u00f3micas, la idea era la de encontrar un cliente que tenga un terreno que quisiera construir y avanzar para financiarlo\u00bb.<\/p>\n\n\n\n<p>\u00abComenc\u00e9 a enviar esta idea a las inmobiliarias, porque son lo que conocen del tema, pero un d\u00eda me viene a ver Ariel Cacho y me plante\u00f3 algunos temas. A la semana siguiente me viene a ver con una propuesta diciendo que ten\u00eda un cliente que no quer\u00eda hacer una casa sino 23\u00bb, destac\u00f3.<\/p>\n\n\n\n<p>\u00abEse vecino era el empresario Alejandro Monjo, as\u00ed que fui, nos juntamos, me dio las planchetas de los terrenos que est\u00e1n ubicados en Hern\u00e1ndez y Obligado, Tres de Febrero y Thorne, y Thorne y Obligado\u00bb. \u00abNo pusimos a trabajar en un bosquejo, distintas presentaciones y todo lo que es administrativo. A partir de all\u00ed armamos el proyecto, las presupuestamos y hace un a\u00f1o empezamos a trabajar. Ya llevamos 17 casas construidas de la cuales 5 est\u00e1n en fase de terminaci\u00f3n y esta semana arrancamos en la preparaci\u00f3n del terreno para arrancar con las 6 que nos faltan\u00bb.<\/p>\n\n\n\n<p>En un tramo de la nota Macchi se refiri\u00f3 a una situaci\u00f3n que le toc\u00f3 vivir en Baradero durante la construcci\u00f3n de tres escuelas. \u00abLa obra p\u00fablica me perjudic\u00f3. Lo de Baradero fue tremendo. Me acuerdo que en el a\u00f1o 2009 estaba la campa\u00f1a para las elecciones y un d\u00eda llego a Baradero y me encuentro que todas mis obras estaban empapeladas con un cartel de la provincia que hablaban de los montos de inversi\u00f3n, propuestas educativas y soluciones, del gobierno de Scioli. Pero era todo cuento y me indign\u00e9 mucho. Entonces me vine a San Pedro y lo fui a ver a Juanjo Destefano, le dije que me hiciera tres carteles fondo rojo y letras blancas que dijeran obra paralizada por falta de pago\u00bb.<\/p>\n\n\n\n<p>\u00abNadie nos dio una mano, Carosi en Baradero nunca nos dio una mano, nunca fue capaz de golpear una puerta sabiendo que se estaban haciendo escuelas para su ciudad\u00bb, remarc\u00f3.<\/p>\n\n\n\n<p>\u00abFui y pegu\u00e9 los carteles; imag\u00ednate el revuelo que se arm\u00f3. Un s\u00e1bado llega Cristina Alvarez Rodr\u00edguez, que era ministra y llama por tel\u00e9fono a un funcionario que nosotros conoc\u00edamos y le dice c\u00f3mo puede ser posible que un contratista nos haga esto, y este hombre le contest\u00f3 que nos deb\u00edan un a\u00f1o de trabajo\u00bb. \u00abSe comunican conmigo y me dicen que Carosi me esperaba para hablar conmigo, recuerdo que ese d\u00eda hab\u00eda fallecido un dirigente peronista en Baradero y quer\u00eda que lo viera en el cementerio. Le respond\u00ed que no ten\u00eda nada que hablar con Carosi que no iba a ir. Entonces me llamaron de La Plata y me dijeron que me iban a pagar pero que antes sacara los carteles, les dije que no, que me pagaran y yo los sacaba.&nbsp;Y si pasaba lo mismo le dije que ten\u00eda m\u00e1s copias para poner\u00bb.<\/p>\n\n\n\n<p>\u00abAl tiempo me pagaron pero la plata entr\u00f3 y sali\u00f3 porque la deb\u00eda toda, terminamos las tres escuelas, pero todav\u00eda es el d\u00eda de hoy que les falt\u00f3 pagarnos tres facturas\u00bb.<\/p>\n\n\n\n<p>\u00abNosotros cumplimos, ellos no\u00bb, afirm\u00f3 Macchi.<\/p>\n\n\n\n<p>\u00abHoy en d\u00eda estoy muy feliz porque tengo una familia, tengo una mujer, tengo un hijo, y soy feliz, la vida me dio la oportunidad de conocer una mujer que me acompa\u00f1a en todo porque es la familia que siempre quise tener. Tengo a mi hermana con quien batallamos juntos y estoy feliz por mi presente laboral porque trabaj\u00e9 mucho para esto y mucha gente no lo sabe\u00bb.<\/p>\n\n\n\n<p>\u00abSon las cartas que me tocaron y tengo que jugar con la cartas que tengo\u00bb.<\/p>\n","protected":false},"excerpt":{"rendered":"<p>El constructor visit\u00f3 los estudios de FM G\u00e9nesis y se refiri\u00f3 a la historia de su empresa, de las decisiones tomadas cuando las cosas no les salieron bien y de c\u00f3mo pudieron salir adelante. Hablar de Macchi en San Pedro es hablar de la construcci\u00f3n, de quienes a pesar de la experiencia en el rubro [&hellip;]<\/p>\n","protected":false},"author":4,"featured_media":99919,"comment_status":"closed","ping_status":"closed","sticky":false,"template":"","format":"standard","meta":{"om_disable_all_campaigns":false,"_jetpack_memberships_contains_paid_content":false,"footnotes":""},"categories":[50,101,2],"tags":[197,696,33,19],"class_list":["post-99921","post","type-post","status-publish","format-standard","has-post-thumbnail","hentry","category-destacadas","category-interes-general-locales","category-locales","tag-buenos-aires","tag-interes-general","tag-locales","tag-san-pedro"],"aioseo_notices":[],"gutentor_comment":0,"jetpack_featured_media_url":"https:\/\/eldiariodesanpedro.com.ar\/sitio\/wp-content\/uploads\/2021\/10\/0000020367-resized-1920x1080-1.jpeg","jetpack_shortlink":"https:\/\/wp.me\/p6RhLt-pZD","jetpack_sharing_enabled":true,"_links":{"self":[{"href":"https:\/\/eldiariodesanpedro.com.ar\/sitio\/wp-json\/wp\/v2\/posts\/99921","targetHints":{"allow":["GET"]}}],"collection":[{"href":"https:\/\/eldiariodesanpedro.com.ar\/sitio\/wp-json\/wp\/v2\/posts"}],"about":[{"href":"https:\/\/eldiariodesanpedro.com.ar\/sitio\/wp-json\/wp\/v2\/types\/post"}],"author":[{"embeddable":true,"href":"https:\/\/eldiariodesanpedro.com.ar\/sitio\/wp-json\/wp\/v2\/users\/4"}],"replies":[{"embeddable":true,"href":"https:\/\/eldiariodesanpedro.com.ar\/sitio\/wp-json\/wp\/v2\/comments?post=99921"}],"version-history":[{"count":1,"href":"https:\/\/eldiariodesanpedro.com.ar\/sitio\/wp-json\/wp\/v2\/posts\/99921\/revisions"}],"predecessor-version":[{"id":99923,"href":"https:\/\/eldiariodesanpedro.com.ar\/sitio\/wp-json\/wp\/v2\/posts\/99921\/revisions\/99923"}],"wp:featuredmedia":[{"embeddable":true,"href":"https:\/\/eldiariodesanpedro.com.ar\/sitio\/wp-json\/wp\/v2\/media\/99919"}],"wp:attachment":[{"href":"https:\/\/eldiariodesanpedro.com.ar\/sitio\/wp-json\/wp\/v2\/media?parent=99921"}],"wp:term":[{"taxonomy":"category","embeddable":true,"href":"https:\/\/eldiariodesanpedro.com.ar\/sitio\/wp-json\/wp\/v2\/categories?post=99921"},{"taxonomy":"post_tag","embeddable":true,"href":"https:\/\/eldiariodesanpedro.com.ar\/sitio\/wp-json\/wp\/v2\/tags?post=99921"}],"curies":[{"name":"wp","href":"https:\/\/api.w.org\/{rel}","templated":true}]}}