{"id":99912,"date":"2021-10-03T11:19:49","date_gmt":"2021-10-03T14:19:49","guid":{"rendered":"https:\/\/eldiariodesanpedro.com.ar\/sitio\/?p=99912"},"modified":"2021-10-03T11:19:54","modified_gmt":"2021-10-03T14:19:54","slug":"laura-duro-se-bajo-de-la-lista-de-paola-basso","status":"publish","type":"post","link":"https:\/\/eldiariodesanpedro.com.ar\/sitio\/laura-duro-se-bajo-de-la-lista-de-paola-basso\/","title":{"rendered":"Laura Dur\u00f3 se baj\u00f3 de la lista de Paola Basso"},"content":{"rendered":"<!-- VideographyWP Plugin Message: Automatic video embedding prevented by plugin options. -->\n\n<p>La candidata de Guillermo Sancho decidi\u00f3 no participar de la lista que componen la UCR y Juntos \u00abpor cuestiones personales\u00bb y cedi\u00f3 su lugar a la profesora Vanina Cappelletti. El ex Secretario de Salud ocupar\u00e1 el sexto lugar en la lista y se desat\u00f3 la pol\u00e9mica.<\/p>\n\n\n\n<p>A pesar de los buenos resultados obtenidos durante las PASO no todo lo que brilla es oro en el frente Juntos.<\/p>\n\n\n\n<p>En las \u00faltimas horas desde el propio partido confirmaron a este portal que la candidata a concejal por la n\u00f3mina que encabezaba el Dr. Guillermo Sancho no participar\u00e1n de las elecciones generales ya que decidi\u00f3 bajarse por cuestiones personales.<\/p>\n\n\n\n<p>Por tal motivo su lugar ser\u00e1 suplantado por la profesora Vanina Cappelletti que es quien ocupaba el segundo cupo femenino en la lista de Juntos.<\/p>\n\n\n\n<p>Mientras tanto, y como en su momento lo confirm\u00f3 en el aire de FM G\u00e9nesis el concejal Gerardo Pelletier, por la reglamentaci\u00f3n del mismo partido Guillermo Sancho ocupar\u00e1 el sexto lugar de la lista disipando algunas y no el segundo como muchos se ilusionaban luego de que en la interna del sector se diferenci\u00f3 por algo mas de 100 votos. Esto \u00faltimo ser\u00eda uno de los puntos que habr\u00edan originado una especie de grieta entre el radicalismo y Juntos.<\/p>\n","protected":false},"excerpt":{"rendered":"<p>La candidata de Guillermo Sancho decidi\u00f3 no participar de la lista que componen la UCR y Juntos \u00abpor cuestiones personales\u00bb y cedi\u00f3 su lugar a la profesora Vanina Cappelletti. El ex Secretario de Salud ocupar\u00e1 el sexto lugar en la lista y se desat\u00f3 la pol\u00e9mica. A pesar de los buenos resultados obtenidos durante las [&hellip;]<\/p>\n","protected":false},"author":4,"featured_media":99913,"comment_status":"closed","ping_status":"closed","sticky":false,"template":"","format":"standard","meta":{"om_disable_all_campaigns":false,"_jetpack_memberships_contains_paid_content":false,"footnotes":""},"categories":[50,2,103],"tags":[197,696,33,19],"class_list":["post-99912","post","type-post","status-publish","format-standard","has-post-thumbnail","hentry","category-destacadas","category-locales","category-policiales-locales","tag-buenos-aires","tag-interes-general","tag-locales","tag-san-pedro"],"aioseo_notices":[],"gutentor_comment":0,"jetpack_featured_media_url":"https:\/\/eldiariodesanpedro.com.ar\/sitio\/wp-content\/uploads\/2021\/10\/0000020369-resized-1920x1080-1.jpg","jetpack_shortlink":"https:\/\/wp.me\/p6RhLt-pZu","jetpack_sharing_enabled":true,"_links":{"self":[{"href":"https:\/\/eldiariodesanpedro.com.ar\/sitio\/wp-json\/wp\/v2\/posts\/99912","targetHints":{"allow":["GET"]}}],"collection":[{"href":"https:\/\/eldiariodesanpedro.com.ar\/sitio\/wp-json\/wp\/v2\/posts"}],"about":[{"href":"https:\/\/eldiariodesanpedro.com.ar\/sitio\/wp-json\/wp\/v2\/types\/post"}],"author":[{"embeddable":true,"href":"https:\/\/eldiariodesanpedro.com.ar\/sitio\/wp-json\/wp\/v2\/users\/4"}],"replies":[{"embeddable":true,"href":"https:\/\/eldiariodesanpedro.com.ar\/sitio\/wp-json\/wp\/v2\/comments?post=99912"}],"version-history":[{"count":1,"href":"https:\/\/eldiariodesanpedro.com.ar\/sitio\/wp-json\/wp\/v2\/posts\/99912\/revisions"}],"predecessor-version":[{"id":99914,"href":"https:\/\/eldiariodesanpedro.com.ar\/sitio\/wp-json\/wp\/v2\/posts\/99912\/revisions\/99914"}],"wp:featuredmedia":[{"embeddable":true,"href":"https:\/\/eldiariodesanpedro.com.ar\/sitio\/wp-json\/wp\/v2\/media\/99913"}],"wp:attachment":[{"href":"https:\/\/eldiariodesanpedro.com.ar\/sitio\/wp-json\/wp\/v2\/media?parent=99912"}],"wp:term":[{"taxonomy":"category","embeddable":true,"href":"https:\/\/eldiariodesanpedro.com.ar\/sitio\/wp-json\/wp\/v2\/categories?post=99912"},{"taxonomy":"post_tag","embeddable":true,"href":"https:\/\/eldiariodesanpedro.com.ar\/sitio\/wp-json\/wp\/v2\/tags?post=99912"}],"curies":[{"name":"wp","href":"https:\/\/api.w.org\/{rel}","templated":true}]}}