{"id":99907,"date":"2021-10-03T11:05:47","date_gmt":"2021-10-03T14:05:47","guid":{"rendered":"https:\/\/eldiariodesanpedro.com.ar\/sitio\/?p=99907"},"modified":"2021-10-03T11:05:52","modified_gmt":"2021-10-03T14:05:52","slug":"incendio-destruyo-un-vehiculo-sobre-el-ingreso-a-la-ciudad","status":"publish","type":"post","link":"https:\/\/eldiariodesanpedro.com.ar\/sitio\/incendio-destruyo-un-vehiculo-sobre-el-ingreso-a-la-ciudad\/","title":{"rendered":"Incendio destruy\u00f3 un veh\u00edculo sobre el ingreso a la ciudad"},"content":{"rendered":"<!-- VideographyWP Plugin Message: Automatic video embedding prevented by plugin options. -->\n\n<p>El siniestro se produjo en la ma\u00f1ana temprano sobre la colectora de la Ruta 9 y su intersecci\u00f3n con la Ruta 191. El conductor no sufri\u00f3 heridas.<\/p>\n\n\n\n<p>Un auto qued\u00f3 totalmente destruido al quedar envuelto en llamas en pocos minutos.<\/p>\n\n\n\n<p>El siniestro se produjo en la ma\u00f1ana del s\u00e1bado, alrededor de las 8.30 horas sobre la colectora de la Ruta Nacional N\u00b0 9, y Ruta Provincial 191, frente a la empresa Dycasa.<\/p>\n\n\n\n<p>Por cuestiones que se desconocen el auto Peugeot 2008 verde circulaba con normalidad hasta que comenz\u00f3 a incendiarse. Su conductor intent\u00f3 combatir las llamas con un extinguidor pero no alcanz\u00f3 y a la llegada de los Bomberos Voluntarios de San Pedro, el fuego ya se hab\u00eda generalizado.<\/p>\n\n\n\n<p>El rodado sufri\u00f3 p\u00e9rdidas totales.<\/p>\n\n\n\n<figure class=\"wp-block-image size-large\"><img decoding=\"async\" width=\"1024\" height=\"608\" data-attachment-id=\"99909\" data-permalink=\"https:\/\/eldiariodesanpedro.com.ar\/sitio\/incendio-destruyo-un-vehiculo-sobre-el-ingreso-a-la-ciudad\/descarga-1-17\/\" data-orig-file=\"https:\/\/eldiariodesanpedro.com.ar\/sitio\/wp-content\/uploads\/2021\/10\/descarga-1-1.jpg\" data-orig-size=\"1210,718\" data-comments-opened=\"0\" data-image-meta=\"{&quot;aperture&quot;:&quot;0&quot;,&quot;credit&quot;:&quot;&quot;,&quot;camera&quot;:&quot;&quot;,&quot;caption&quot;:&quot;&quot;,&quot;created_timestamp&quot;:&quot;0&quot;,&quot;copyright&quot;:&quot;&quot;,&quot;focal_length&quot;:&quot;0&quot;,&quot;iso&quot;:&quot;0&quot;,&quot;shutter_speed&quot;:&quot;0&quot;,&quot;title&quot;:&quot;&quot;,&quot;orientation&quot;:&quot;0&quot;}\" data-image-title=\"descarga (1)\" data-image-description=\"\" data-image-caption=\"\" data-large-file=\"https:\/\/eldiariodesanpedro.com.ar\/sitio\/wp-content\/uploads\/2021\/10\/descarga-1-1-1024x608.jpg\" data-src=\"https:\/\/eldiariodesanpedro.com.ar\/sitio\/wp-content\/uploads\/2021\/10\/descarga-1-1-1024x608.jpg\" alt=\"\" class=\"wp-image-99909 lazyload\" data-srcset=\"https:\/\/eldiariodesanpedro.com.ar\/sitio\/wp-content\/uploads\/2021\/10\/descarga-1-1-1024x608.jpg 1024w, https:\/\/eldiariodesanpedro.com.ar\/sitio\/wp-content\/uploads\/2021\/10\/descarga-1-1-300x178.jpg 300w, https:\/\/eldiariodesanpedro.com.ar\/sitio\/wp-content\/uploads\/2021\/10\/descarga-1-1-768x456.jpg 768w, https:\/\/eldiariodesanpedro.com.ar\/sitio\/wp-content\/uploads\/2021\/10\/descarga-1-1.jpg 1210w\" data-sizes=\"(max-width: 1024px) 100vw, 1024px\" src=\"data:image\/svg+xml;base64,PHN2ZyB3aWR0aD0iMSIgaGVpZ2h0PSIxIiB4bWxucz0iaHR0cDovL3d3dy53My5vcmcvMjAwMC9zdmciPjwvc3ZnPg==\" style=\"--smush-placeholder-width: 1024px; --smush-placeholder-aspect-ratio: 1024\/608;\" \/><\/figure>\n\n\n\n<figure class=\"wp-block-image size-large\"><img decoding=\"async\" width=\"1024\" height=\"576\" data-attachment-id=\"99908\" data-permalink=\"https:\/\/eldiariodesanpedro.com.ar\/sitio\/incendio-destruyo-un-vehiculo-sobre-el-ingreso-a-la-ciudad\/0000020377-resized-1920x1080\/\" data-orig-file=\"https:\/\/eldiariodesanpedro.com.ar\/sitio\/wp-content\/uploads\/2021\/10\/0000020377-resized-1920x1080-1.jpeg\" data-orig-size=\"1920,1080\" data-comments-opened=\"0\" data-image-meta=\"{&quot;aperture&quot;:&quot;0&quot;,&quot;credit&quot;:&quot;&quot;,&quot;camera&quot;:&quot;&quot;,&quot;caption&quot;:&quot;&quot;,&quot;created_timestamp&quot;:&quot;0&quot;,&quot;copyright&quot;:&quot;&quot;,&quot;focal_length&quot;:&quot;0&quot;,&quot;iso&quot;:&quot;0&quot;,&quot;shutter_speed&quot;:&quot;0&quot;,&quot;title&quot;:&quot;&quot;,&quot;orientation&quot;:&quot;0&quot;}\" data-image-title=\"0000020377-resized-1920&amp;#215;1080\" data-image-description=\"\" data-image-caption=\"\" data-large-file=\"https:\/\/eldiariodesanpedro.com.ar\/sitio\/wp-content\/uploads\/2021\/10\/0000020377-resized-1920x1080-1-1024x576.jpeg\" data-src=\"https:\/\/eldiariodesanpedro.com.ar\/sitio\/wp-content\/uploads\/2021\/10\/0000020377-resized-1920x1080-1-1024x576.jpeg\" alt=\"\" class=\"wp-image-99908 lazyload\" data-srcset=\"https:\/\/eldiariodesanpedro.com.ar\/sitio\/wp-content\/uploads\/2021\/10\/0000020377-resized-1920x1080-1-1024x576.jpeg 1024w, https:\/\/eldiariodesanpedro.com.ar\/sitio\/wp-content\/uploads\/2021\/10\/0000020377-resized-1920x1080-1-300x169.jpeg 300w, https:\/\/eldiariodesanpedro.com.ar\/sitio\/wp-content\/uploads\/2021\/10\/0000020377-resized-1920x1080-1-768x432.jpeg 768w, https:\/\/eldiariodesanpedro.com.ar\/sitio\/wp-content\/uploads\/2021\/10\/0000020377-resized-1920x1080-1-1536x864.jpeg 1536w, https:\/\/eldiariodesanpedro.com.ar\/sitio\/wp-content\/uploads\/2021\/10\/0000020377-resized-1920x1080-1-800x450.jpeg 800w, https:\/\/eldiariodesanpedro.com.ar\/sitio\/wp-content\/uploads\/2021\/10\/0000020377-resized-1920x1080-1.jpeg 1920w\" data-sizes=\"(max-width: 1024px) 100vw, 1024px\" src=\"data:image\/svg+xml;base64,PHN2ZyB3aWR0aD0iMSIgaGVpZ2h0PSIxIiB4bWxucz0iaHR0cDovL3d3dy53My5vcmcvMjAwMC9zdmciPjwvc3ZnPg==\" style=\"--smush-placeholder-width: 1024px; --smush-placeholder-aspect-ratio: 1024\/576;\" \/><\/figure>\n","protected":false},"excerpt":{"rendered":"<p>El siniestro se produjo en la ma\u00f1ana temprano sobre la colectora de la Ruta 9 y su intersecci\u00f3n con la Ruta 191. El conductor no sufri\u00f3 heridas. Un auto qued\u00f3 totalmente destruido al quedar envuelto en llamas en pocos minutos. El siniestro se produjo en la ma\u00f1ana del s\u00e1bado, alrededor de las 8.30 horas sobre [&hellip;]<\/p>\n","protected":false},"author":4,"featured_media":99910,"comment_status":"closed","ping_status":"closed","sticky":false,"template":"","format":"standard","meta":{"om_disable_all_campaigns":false,"_jetpack_memberships_contains_paid_content":false,"footnotes":""},"categories":[2,103],"tags":[197,696,33,19],"class_list":["post-99907","post","type-post","status-publish","format-standard","has-post-thumbnail","hentry","category-locales","category-policiales-locales","tag-buenos-aires","tag-interes-general","tag-locales","tag-san-pedro"],"aioseo_notices":[],"gutentor_comment":0,"jetpack_featured_media_url":"https:\/\/eldiariodesanpedro.com.ar\/sitio\/wp-content\/uploads\/2021\/10\/descarga-2.jpg","jetpack_shortlink":"https:\/\/wp.me\/p6RhLt-pZp","jetpack_sharing_enabled":true,"_links":{"self":[{"href":"https:\/\/eldiariodesanpedro.com.ar\/sitio\/wp-json\/wp\/v2\/posts\/99907","targetHints":{"allow":["GET"]}}],"collection":[{"href":"https:\/\/eldiariodesanpedro.com.ar\/sitio\/wp-json\/wp\/v2\/posts"}],"about":[{"href":"https:\/\/eldiariodesanpedro.com.ar\/sitio\/wp-json\/wp\/v2\/types\/post"}],"author":[{"embeddable":true,"href":"https:\/\/eldiariodesanpedro.com.ar\/sitio\/wp-json\/wp\/v2\/users\/4"}],"replies":[{"embeddable":true,"href":"https:\/\/eldiariodesanpedro.com.ar\/sitio\/wp-json\/wp\/v2\/comments?post=99907"}],"version-history":[{"count":1,"href":"https:\/\/eldiariodesanpedro.com.ar\/sitio\/wp-json\/wp\/v2\/posts\/99907\/revisions"}],"predecessor-version":[{"id":99911,"href":"https:\/\/eldiariodesanpedro.com.ar\/sitio\/wp-json\/wp\/v2\/posts\/99907\/revisions\/99911"}],"wp:featuredmedia":[{"embeddable":true,"href":"https:\/\/eldiariodesanpedro.com.ar\/sitio\/wp-json\/wp\/v2\/media\/99910"}],"wp:attachment":[{"href":"https:\/\/eldiariodesanpedro.com.ar\/sitio\/wp-json\/wp\/v2\/media?parent=99907"}],"wp:term":[{"taxonomy":"category","embeddable":true,"href":"https:\/\/eldiariodesanpedro.com.ar\/sitio\/wp-json\/wp\/v2\/categories?post=99907"},{"taxonomy":"post_tag","embeddable":true,"href":"https:\/\/eldiariodesanpedro.com.ar\/sitio\/wp-json\/wp\/v2\/tags?post=99907"}],"curies":[{"name":"wp","href":"https:\/\/api.w.org\/{rel}","templated":true}]}}