{"id":99905,"date":"2021-10-03T10:57:46","date_gmt":"2021-10-03T13:57:46","guid":{"rendered":"https:\/\/eldiariodesanpedro.com.ar\/sitio\/?p=99905"},"modified":"2021-10-03T10:57:50","modified_gmt":"2021-10-03T13:57:50","slug":"violenta-colision-en-el-radio-centrico-3","status":"publish","type":"post","link":"https:\/\/eldiariodesanpedro.com.ar\/sitio\/violenta-colision-en-el-radio-centrico-3\/","title":{"rendered":"Violenta colisi\u00f3n en el radio c\u00e9ntrico"},"content":{"rendered":"<!-- VideographyWP Plugin Message: Automatic video embedding prevented by plugin options. -->\n\n<p>Dos veh\u00edculo chocaron sobre la tare del viernes en la esquina de 25 de Mayo y Riobamba. No hubo heridos.<\/p>\n\n\n\n<p>Durante la tarde del viernes se produjo una fuerte colisi\u00f3n entre dos autos. Sucedi\u00f3 cerca de las 18 horas en la transitada esquina de 25 de Mayo y Riobamba.<\/p>\n\n\n\n<p>En ese lugar un auto Peugeot 2008 negro que circulaba en sentido sur colision\u00f3 violentamente contra un veh\u00edculo Honda Civic gris que circulaba en direcci\u00f3n al r\u00edo.<\/p>\n\n\n\n<p>Los da\u00f1os en ambos rodados fueron importantes pero a pesar de todo no hubo que lamentar ning\u00fan tipo de v\u00edctima.&nbsp;<\/p>\n","protected":false},"excerpt":{"rendered":"<p>Dos veh\u00edculo chocaron sobre la tare del viernes en la esquina de 25 de Mayo y Riobamba. No hubo heridos. Durante la tarde del viernes se produjo una fuerte colisi\u00f3n entre dos autos. Sucedi\u00f3 cerca de las 18 horas en la transitada esquina de 25 de Mayo y Riobamba. En ese lugar un auto Peugeot [&hellip;]<\/p>\n","protected":false},"author":4,"featured_media":99901,"comment_status":"closed","ping_status":"closed","sticky":false,"template":"","format":"standard","meta":{"om_disable_all_campaigns":false,"_jetpack_memberships_contains_paid_content":false,"footnotes":""},"categories":[2,103],"tags":[197,696,33,19],"class_list":["post-99905","post","type-post","status-publish","format-standard","has-post-thumbnail","hentry","category-locales","category-policiales-locales","tag-buenos-aires","tag-interes-general","tag-locales","tag-san-pedro"],"aioseo_notices":[],"gutentor_comment":0,"jetpack_featured_media_url":"https:\/\/eldiariodesanpedro.com.ar\/sitio\/wp-content\/uploads\/2021\/10\/0000020376-resized-1920x1080-1.jpeg","jetpack_shortlink":"https:\/\/wp.me\/p6RhLt-pZn","jetpack_sharing_enabled":true,"_links":{"self":[{"href":"https:\/\/eldiariodesanpedro.com.ar\/sitio\/wp-json\/wp\/v2\/posts\/99905","targetHints":{"allow":["GET"]}}],"collection":[{"href":"https:\/\/eldiariodesanpedro.com.ar\/sitio\/wp-json\/wp\/v2\/posts"}],"about":[{"href":"https:\/\/eldiariodesanpedro.com.ar\/sitio\/wp-json\/wp\/v2\/types\/post"}],"author":[{"embeddable":true,"href":"https:\/\/eldiariodesanpedro.com.ar\/sitio\/wp-json\/wp\/v2\/users\/4"}],"replies":[{"embeddable":true,"href":"https:\/\/eldiariodesanpedro.com.ar\/sitio\/wp-json\/wp\/v2\/comments?post=99905"}],"version-history":[{"count":1,"href":"https:\/\/eldiariodesanpedro.com.ar\/sitio\/wp-json\/wp\/v2\/posts\/99905\/revisions"}],"predecessor-version":[{"id":99906,"href":"https:\/\/eldiariodesanpedro.com.ar\/sitio\/wp-json\/wp\/v2\/posts\/99905\/revisions\/99906"}],"wp:featuredmedia":[{"embeddable":true,"href":"https:\/\/eldiariodesanpedro.com.ar\/sitio\/wp-json\/wp\/v2\/media\/99901"}],"wp:attachment":[{"href":"https:\/\/eldiariodesanpedro.com.ar\/sitio\/wp-json\/wp\/v2\/media?parent=99905"}],"wp:term":[{"taxonomy":"category","embeddable":true,"href":"https:\/\/eldiariodesanpedro.com.ar\/sitio\/wp-json\/wp\/v2\/categories?post=99905"},{"taxonomy":"post_tag","embeddable":true,"href":"https:\/\/eldiariodesanpedro.com.ar\/sitio\/wp-json\/wp\/v2\/tags?post=99905"}],"curies":[{"name":"wp","href":"https:\/\/api.w.org\/{rel}","templated":true}]}}