{"id":9990,"date":"2016-11-09T21:46:14","date_gmt":"2016-11-10T00:46:14","guid":{"rendered":"https:\/\/eldiariodesanpedro.com.ar\/sitio\/?p=9990"},"modified":"2016-11-09T21:46:14","modified_gmt":"2016-11-10T00:46:14","slug":"estafa-telefonica-roban-cerca-de-30-000-dolares-a-una-anciana-de-73-anos","status":"publish","type":"post","link":"https:\/\/eldiariodesanpedro.com.ar\/sitio\/estafa-telefonica-roban-cerca-de-30-000-dolares-a-una-anciana-de-73-anos\/","title":{"rendered":"Estafa telef\u00f3nica: Roban cerca de 30.000 d\u00f3lares a una anciana de 73 a\u00f1os"},"content":{"rendered":"<p><!-- VideographyWP Plugin Message: Automatic video embedding prevented by plugin options. --><br \/>\nEn la tarde de hoy, se recibi\u00f3 en la comisar\u00eda local una denuncia de una abuela de 73 a\u00f1os, quien en horas de la ma\u00f1ana recibi\u00f3 un llamado telef\u00f3nico de una mujer que dec\u00eda ser su hija, consult\u00e1ndole si pose\u00eda dinero de moneda extranjera en efectivo y dici\u00e9ndole que ella se encontraba en el local de Banco Naci\u00f3n de nuestra ciudad.<br \/>\nLa supuesta hija le inform\u00f3 que, en esos momentos, se estaba dirigiendo al domicilio de la anciana una contadora perteneciente a dicho banco, quien retirar\u00eda el dinero solicitado para cambiarlo a la moneda en curso.<br \/>\nMinutos, despu\u00e9s se hizo presente en el domicilio de calle Litoral la supuesta contadora identific\u00e1ndose como tal, y la anciana le entreg\u00f3 la suma de aproximadamente 30.000 d\u00f3lares, lo que en moneda local ser\u00eda alrededor de $449.893,00.<br \/>\nM\u00e1s tarde, la anciana preocupada se comunic\u00f3 con su hija verdadera y se dio cuenta de que todo hab\u00eda sido una mentira: su hija hab\u00eda estado ausente en la ciudad durante todo el d\u00eda.<br \/>\nNo es la primera vez que sucede este tipo de estafas a trav\u00e9s de llamados telef\u00f3nicos. Se ha reiterado el mismo modus operandi anteriormente, ya que existen varias denuncias de este mismo il\u00edcito.<br \/>\nDesde la comisar\u00eda local se pide la difusi\u00f3n de esta informaci\u00f3n y se pone en advertencia a la sociedad sobre esta clase de llamados telef\u00f3nicos. Ante una situaci\u00f3n de estas caracter\u00edsticas, se ruega cortar inmediatamente la comunicaci\u00f3n y, antes de dar datos, comunicarse con la persona que dice ser el sujeto que llama, adem\u00e1s de alertar al servicio 101.<br \/>\nIntervino en este hecho la Fiscal\u00eda N\u00ba 5 y se dio intervenci\u00f3n a la DDI de nuestra ciudad y de la vecina localidad de Baradero..<\/p>\n","protected":false},"excerpt":{"rendered":"<p>En la tarde de hoy, se recibi\u00f3 en la comisar\u00eda local una denuncia de una abuela de 73 a\u00f1os, quien en horas de la ma\u00f1ana recibi\u00f3 un llamado telef\u00f3nico de una mujer que dec\u00eda ser su hija, consult\u00e1ndole si pose\u00eda dinero de moneda extranjera en efectivo y dici\u00e9ndole que ella se encontraba en el local [&hellip;]<\/p>\n","protected":false},"author":4,"featured_media":9992,"comment_status":"open","ping_status":"closed","sticky":false,"template":"","format":"standard","meta":{"om_disable_all_campaigns":false,"_jetpack_memberships_contains_paid_content":false,"footnotes":""},"categories":[50,2,103],"tags":[],"class_list":["post-9990","post","type-post","status-publish","format-standard","has-post-thumbnail","hentry","category-destacadas","category-locales","category-policiales-locales"],"aioseo_notices":[],"gutentor_comment":0,"jetpack_featured_media_url":"https:\/\/eldiariodesanpedro.com.ar\/sitio\/wp-content\/uploads\/2016\/11\/0011284073.jpg","jetpack_shortlink":"https:\/\/wp.me\/p6RhLt-2B8","jetpack_sharing_enabled":true,"_links":{"self":[{"href":"https:\/\/eldiariodesanpedro.com.ar\/sitio\/wp-json\/wp\/v2\/posts\/9990","targetHints":{"allow":["GET"]}}],"collection":[{"href":"https:\/\/eldiariodesanpedro.com.ar\/sitio\/wp-json\/wp\/v2\/posts"}],"about":[{"href":"https:\/\/eldiariodesanpedro.com.ar\/sitio\/wp-json\/wp\/v2\/types\/post"}],"author":[{"embeddable":true,"href":"https:\/\/eldiariodesanpedro.com.ar\/sitio\/wp-json\/wp\/v2\/users\/4"}],"replies":[{"embeddable":true,"href":"https:\/\/eldiariodesanpedro.com.ar\/sitio\/wp-json\/wp\/v2\/comments?post=9990"}],"version-history":[{"count":1,"href":"https:\/\/eldiariodesanpedro.com.ar\/sitio\/wp-json\/wp\/v2\/posts\/9990\/revisions"}],"predecessor-version":[{"id":9993,"href":"https:\/\/eldiariodesanpedro.com.ar\/sitio\/wp-json\/wp\/v2\/posts\/9990\/revisions\/9993"}],"wp:featuredmedia":[{"embeddable":true,"href":"https:\/\/eldiariodesanpedro.com.ar\/sitio\/wp-json\/wp\/v2\/media\/9992"}],"wp:attachment":[{"href":"https:\/\/eldiariodesanpedro.com.ar\/sitio\/wp-json\/wp\/v2\/media?parent=9990"}],"wp:term":[{"taxonomy":"category","embeddable":true,"href":"https:\/\/eldiariodesanpedro.com.ar\/sitio\/wp-json\/wp\/v2\/categories?post=9990"},{"taxonomy":"post_tag","embeddable":true,"href":"https:\/\/eldiariodesanpedro.com.ar\/sitio\/wp-json\/wp\/v2\/tags?post=9990"}],"curies":[{"name":"wp","href":"https:\/\/api.w.org\/{rel}","templated":true}]}}