{"id":99895,"date":"2021-10-02T00:12:50","date_gmt":"2021-10-02T03:12:50","guid":{"rendered":"https:\/\/eldiariodesanpedro.com.ar\/sitio\/?p=99895"},"modified":"2021-10-02T00:13:03","modified_gmt":"2021-10-02T03:13:03","slug":"secuestran-en-san-pedro-una-avioneta-relacionada-al-traslado-de-drogas-en-paraguay-uruguay-y-argentina","status":"publish","type":"post","link":"https:\/\/eldiariodesanpedro.com.ar\/sitio\/secuestran-en-san-pedro-una-avioneta-relacionada-al-traslado-de-drogas-en-paraguay-uruguay-y-argentina\/","title":{"rendered":"Secuestran en San Pedro una avioneta relacionada al traslado de drogas en Paraguay, Uruguay y Argentina"},"content":{"rendered":"<!-- VideographyWP Plugin Message: Automatic video embedding prevented by plugin options. -->\n\n<p>En el aer\u00f3dromo de nuestra ciudad secuestraron una segunda avioneta relacionada al traslado de drogas. Siguiendo con las investigaciones, los funcionarios allanaron un hangar en la provincia de Buenos Aires, en donde hallaron otra aeronave vinculada a las operaciones log\u00edsticas efectuadas por la organizaci\u00f3n delictiva.<\/p>\n\n\n\n<p>Luego del procedimiento efectuado hace unos d\u00edas en Concordia (Entre R\u00edos), en el cual se decomis\u00f3 una avioneta con matr\u00edcula uruguaya perteneciente a una organizaci\u00f3n narcocriminal dedicada a la carga de droga en Paraguay, la descarga en Uruguay y que realizaba la log\u00edstica a\u00e9rea en Argentina, la&nbsp;<strong>Direcci\u00f3n Antidrogas de la Fuerza&nbsp;<\/strong>continu\u00f3 con las tareas investigativas.<\/p>\n\n\n\n<p>El 26 de septiembre, la Polic\u00eda uruguaya en su territorio incaut\u00f3 400 kilos de coca\u00edna, ese procedimiento fue el detonante para el hallazgo de las aeronaves implicadas.<\/p>\n\n\n\n<p>Ayer, como resultado de dichas investigaciones, por disposici\u00f3n del Juzgado Federal de Concepci\u00f3n del Uruguay, los efectivos del&nbsp;<strong>Escuadr\u00f3n Antidrogas&nbsp;<\/strong>junto a otras&nbsp;<strong>Unidades<\/strong>&nbsp;allanaron un aer\u00f3dromo en la localidad de San Pedro (Buenos Aires).<\/p>\n\n\n\n<p>En la inspecci\u00f3n, localizaron una&nbsp;<strong>avioneta Sesna Aircraft COP210 con monomotor y matr\u00edcula argentina<\/strong>. Los uniformados pudieron constatar que esa aeronave tambi\u00e9n est\u00e1 vinculada a los vuelos realizados por la organizaci\u00f3n transnacional.<\/p>\n\n\n\n<p>Adem\u00e1s, se decomisaron tarjetas de memoria, GPS y documentaci\u00f3n de inter\u00e9s para la causa a los fines de continuar con la recolecci\u00f3n de datos.<\/p>\n\n\n\n<figure class=\"wp-block-image size-large\"><img decoding=\"async\" width=\"1024\" height=\"576\" data-attachment-id=\"99896\" data-permalink=\"https:\/\/eldiariodesanpedro.com.ar\/sitio\/secuestran-en-san-pedro-una-avioneta-relacionada-al-traslado-de-drogas-en-paraguay-uruguay-y-argentina\/0000020373-resized-1920x1080\/\" data-orig-file=\"https:\/\/eldiariodesanpedro.com.ar\/sitio\/wp-content\/uploads\/2021\/10\/0000020373-resized-1920x1080-1.jpeg\" data-orig-size=\"1920,1080\" data-comments-opened=\"0\" data-image-meta=\"{&quot;aperture&quot;:&quot;0&quot;,&quot;credit&quot;:&quot;&quot;,&quot;camera&quot;:&quot;&quot;,&quot;caption&quot;:&quot;&quot;,&quot;created_timestamp&quot;:&quot;0&quot;,&quot;copyright&quot;:&quot;&quot;,&quot;focal_length&quot;:&quot;0&quot;,&quot;iso&quot;:&quot;0&quot;,&quot;shutter_speed&quot;:&quot;0&quot;,&quot;title&quot;:&quot;&quot;,&quot;orientation&quot;:&quot;0&quot;}\" data-image-title=\"0000020373-resized-1920&amp;#215;1080\" data-image-description=\"\" data-image-caption=\"\" data-large-file=\"https:\/\/eldiariodesanpedro.com.ar\/sitio\/wp-content\/uploads\/2021\/10\/0000020373-resized-1920x1080-1-1024x576.jpeg\" data-src=\"https:\/\/eldiariodesanpedro.com.ar\/sitio\/wp-content\/uploads\/2021\/10\/0000020373-resized-1920x1080-1-1024x576.jpeg\" alt=\"\" class=\"wp-image-99896 lazyload\" data-srcset=\"https:\/\/eldiariodesanpedro.com.ar\/sitio\/wp-content\/uploads\/2021\/10\/0000020373-resized-1920x1080-1-1024x576.jpeg 1024w, https:\/\/eldiariodesanpedro.com.ar\/sitio\/wp-content\/uploads\/2021\/10\/0000020373-resized-1920x1080-1-300x169.jpeg 300w, https:\/\/eldiariodesanpedro.com.ar\/sitio\/wp-content\/uploads\/2021\/10\/0000020373-resized-1920x1080-1-768x432.jpeg 768w, https:\/\/eldiariodesanpedro.com.ar\/sitio\/wp-content\/uploads\/2021\/10\/0000020373-resized-1920x1080-1-1536x864.jpeg 1536w, https:\/\/eldiariodesanpedro.com.ar\/sitio\/wp-content\/uploads\/2021\/10\/0000020373-resized-1920x1080-1-800x450.jpeg 800w, https:\/\/eldiariodesanpedro.com.ar\/sitio\/wp-content\/uploads\/2021\/10\/0000020373-resized-1920x1080-1.jpeg 1920w\" data-sizes=\"(max-width: 1024px) 100vw, 1024px\" src=\"data:image\/svg+xml;base64,PHN2ZyB3aWR0aD0iMSIgaGVpZ2h0PSIxIiB4bWxucz0iaHR0cDovL3d3dy53My5vcmcvMjAwMC9zdmciPjwvc3ZnPg==\" style=\"--smush-placeholder-width: 1024px; --smush-placeholder-aspect-ratio: 1024\/576;\" \/><\/figure>\n\n\n\n<figure class=\"wp-block-image size-large\"><img decoding=\"async\" width=\"1024\" height=\"682\" data-attachment-id=\"99897\" data-permalink=\"https:\/\/eldiariodesanpedro.com.ar\/sitio\/secuestran-en-san-pedro-una-avioneta-relacionada-al-traslado-de-drogas-en-paraguay-uruguay-y-argentina\/descarga-1-16\/\" data-orig-file=\"https:\/\/eldiariodesanpedro.com.ar\/sitio\/wp-content\/uploads\/2021\/10\/descarga-1.jpg\" data-orig-size=\"1280,853\" data-comments-opened=\"0\" data-image-meta=\"{&quot;aperture&quot;:&quot;0&quot;,&quot;credit&quot;:&quot;&quot;,&quot;camera&quot;:&quot;&quot;,&quot;caption&quot;:&quot;&quot;,&quot;created_timestamp&quot;:&quot;0&quot;,&quot;copyright&quot;:&quot;&quot;,&quot;focal_length&quot;:&quot;0&quot;,&quot;iso&quot;:&quot;0&quot;,&quot;shutter_speed&quot;:&quot;0&quot;,&quot;title&quot;:&quot;&quot;,&quot;orientation&quot;:&quot;0&quot;}\" data-image-title=\"descarga (1)\" data-image-description=\"\" data-image-caption=\"\" data-large-file=\"https:\/\/eldiariodesanpedro.com.ar\/sitio\/wp-content\/uploads\/2021\/10\/descarga-1-1024x682.jpg\" data-src=\"https:\/\/eldiariodesanpedro.com.ar\/sitio\/wp-content\/uploads\/2021\/10\/descarga-1-1024x682.jpg\" alt=\"\" class=\"wp-image-99897 lazyload\" data-srcset=\"https:\/\/eldiariodesanpedro.com.ar\/sitio\/wp-content\/uploads\/2021\/10\/descarga-1-1024x682.jpg 1024w, https:\/\/eldiariodesanpedro.com.ar\/sitio\/wp-content\/uploads\/2021\/10\/descarga-1-300x200.jpg 300w, https:\/\/eldiariodesanpedro.com.ar\/sitio\/wp-content\/uploads\/2021\/10\/descarga-1-768x512.jpg 768w, https:\/\/eldiariodesanpedro.com.ar\/sitio\/wp-content\/uploads\/2021\/10\/descarga-1.jpg 1280w\" data-sizes=\"(max-width: 1024px) 100vw, 1024px\" src=\"data:image\/svg+xml;base64,PHN2ZyB3aWR0aD0iMSIgaGVpZ2h0PSIxIiB4bWxucz0iaHR0cDovL3d3dy53My5vcmcvMjAwMC9zdmciPjwvc3ZnPg==\" style=\"--smush-placeholder-width: 1024px; --smush-placeholder-aspect-ratio: 1024\/682;\" \/><\/figure>\n","protected":false},"excerpt":{"rendered":"<p>En el aer\u00f3dromo de nuestra ciudad secuestraron una segunda avioneta relacionada al traslado de drogas. Siguiendo con las investigaciones, los funcionarios allanaron un hangar en la provincia de Buenos Aires, en donde hallaron otra aeronave vinculada a las operaciones log\u00edsticas efectuadas por la organizaci\u00f3n delictiva. Luego del procedimiento efectuado hace unos d\u00edas en Concordia (Entre [&hellip;]<\/p>\n","protected":false},"author":4,"featured_media":99898,"comment_status":"closed","ping_status":"closed","sticky":false,"template":"","format":"standard","meta":{"om_disable_all_campaigns":false,"_jetpack_memberships_contains_paid_content":false,"footnotes":""},"categories":[50,101,2],"tags":[197,696,33,95,19],"class_list":["post-99895","post","type-post","status-publish","format-standard","has-post-thumbnail","hentry","category-destacadas","category-interes-general-locales","category-locales","tag-buenos-aires","tag-interes-general","tag-locales","tag-policiales","tag-san-pedro"],"aioseo_notices":[],"gutentor_comment":0,"jetpack_featured_media_url":"https:\/\/eldiariodesanpedro.com.ar\/sitio\/wp-content\/uploads\/2021\/10\/descarga.jpg","jetpack_shortlink":"https:\/\/wp.me\/p6RhLt-pZd","jetpack_sharing_enabled":true,"_links":{"self":[{"href":"https:\/\/eldiariodesanpedro.com.ar\/sitio\/wp-json\/wp\/v2\/posts\/99895","targetHints":{"allow":["GET"]}}],"collection":[{"href":"https:\/\/eldiariodesanpedro.com.ar\/sitio\/wp-json\/wp\/v2\/posts"}],"about":[{"href":"https:\/\/eldiariodesanpedro.com.ar\/sitio\/wp-json\/wp\/v2\/types\/post"}],"author":[{"embeddable":true,"href":"https:\/\/eldiariodesanpedro.com.ar\/sitio\/wp-json\/wp\/v2\/users\/4"}],"replies":[{"embeddable":true,"href":"https:\/\/eldiariodesanpedro.com.ar\/sitio\/wp-json\/wp\/v2\/comments?post=99895"}],"version-history":[{"count":1,"href":"https:\/\/eldiariodesanpedro.com.ar\/sitio\/wp-json\/wp\/v2\/posts\/99895\/revisions"}],"predecessor-version":[{"id":99899,"href":"https:\/\/eldiariodesanpedro.com.ar\/sitio\/wp-json\/wp\/v2\/posts\/99895\/revisions\/99899"}],"wp:featuredmedia":[{"embeddable":true,"href":"https:\/\/eldiariodesanpedro.com.ar\/sitio\/wp-json\/wp\/v2\/media\/99898"}],"wp:attachment":[{"href":"https:\/\/eldiariodesanpedro.com.ar\/sitio\/wp-json\/wp\/v2\/media?parent=99895"}],"wp:term":[{"taxonomy":"category","embeddable":true,"href":"https:\/\/eldiariodesanpedro.com.ar\/sitio\/wp-json\/wp\/v2\/categories?post=99895"},{"taxonomy":"post_tag","embeddable":true,"href":"https:\/\/eldiariodesanpedro.com.ar\/sitio\/wp-json\/wp\/v2\/tags?post=99895"}],"curies":[{"name":"wp","href":"https:\/\/api.w.org\/{rel}","templated":true}]}}