{"id":99886,"date":"2021-10-01T23:18:39","date_gmt":"2021-10-02T02:18:39","guid":{"rendered":"https:\/\/eldiariodesanpedro.com.ar\/sitio\/?p=99886"},"modified":"2021-10-01T23:18:44","modified_gmt":"2021-10-02T02:18:44","slug":"operativo-de-vacunacion-para-mayores-de-18-anos-en-el-centro-de-salud-1-de-mayo","status":"publish","type":"post","link":"https:\/\/eldiariodesanpedro.com.ar\/sitio\/operativo-de-vacunacion-para-mayores-de-18-anos-en-el-centro-de-salud-1-de-mayo\/","title":{"rendered":"Operativo de vacunaci\u00f3n para mayores de 18 a\u00f1os en el Centro de Salud 1\u00b0 de mayo"},"content":{"rendered":"<!-- VideographyWP Plugin Message: Automatic video embedding prevented by plugin options. -->\n\n<p>La Municipalidad de San Pedro recuerda que, el Plan Vacunate San Pedro llevar\u00e1 a cabo un operativo de vacunaci\u00f3n en el Centro de Salud 1\u00b0 de Mayo ubicado en la intersecci\u00f3n de las calles Boulevard Moreno y Benefactora Sampedrina este s\u00e1bado 2 de octubre.<\/p>\n\n\n\n<p>Los mayores de 18 a\u00f1os que no hayan recibido la primera dosis de la vacuna contra Covid-19 podr\u00e1n acercarse de 10 a 14 hs. con documento nacional de identidad.<\/p>\n","protected":false},"excerpt":{"rendered":"<p>La Municipalidad de San Pedro recuerda que, el Plan Vacunate San Pedro llevar\u00e1 a cabo un operativo de vacunaci\u00f3n en el Centro de Salud 1\u00b0 de Mayo ubicado en la intersecci\u00f3n de las calles Boulevard Moreno y Benefactora Sampedrina este s\u00e1bado 2 de octubre. Los mayores de 18 a\u00f1os que no hayan recibido la primera [&hellip;]<\/p>\n","protected":false},"author":4,"featured_media":99326,"comment_status":"closed","ping_status":"closed","sticky":false,"template":"","format":"standard","meta":{"om_disable_all_campaigns":false,"_jetpack_memberships_contains_paid_content":false,"footnotes":""},"categories":[101,2],"tags":[197,808,696,33,19],"class_list":["post-99886","post","type-post","status-publish","format-standard","has-post-thumbnail","hentry","category-interes-general-locales","category-locales","tag-buenos-aires","tag-coronavirus","tag-interes-general","tag-locales","tag-san-pedro"],"aioseo_notices":[],"gutentor_comment":0,"jetpack_featured_media_url":"https:\/\/eldiariodesanpedro.com.ar\/sitio\/wp-content\/uploads\/2021\/09\/WhatsApp-Image-2021-09-21-at-13.52.22.jpeg","jetpack_shortlink":"https:\/\/wp.me\/p6RhLt-pZ4","jetpack_sharing_enabled":true,"_links":{"self":[{"href":"https:\/\/eldiariodesanpedro.com.ar\/sitio\/wp-json\/wp\/v2\/posts\/99886","targetHints":{"allow":["GET"]}}],"collection":[{"href":"https:\/\/eldiariodesanpedro.com.ar\/sitio\/wp-json\/wp\/v2\/posts"}],"about":[{"href":"https:\/\/eldiariodesanpedro.com.ar\/sitio\/wp-json\/wp\/v2\/types\/post"}],"author":[{"embeddable":true,"href":"https:\/\/eldiariodesanpedro.com.ar\/sitio\/wp-json\/wp\/v2\/users\/4"}],"replies":[{"embeddable":true,"href":"https:\/\/eldiariodesanpedro.com.ar\/sitio\/wp-json\/wp\/v2\/comments?post=99886"}],"version-history":[{"count":1,"href":"https:\/\/eldiariodesanpedro.com.ar\/sitio\/wp-json\/wp\/v2\/posts\/99886\/revisions"}],"predecessor-version":[{"id":99887,"href":"https:\/\/eldiariodesanpedro.com.ar\/sitio\/wp-json\/wp\/v2\/posts\/99886\/revisions\/99887"}],"wp:featuredmedia":[{"embeddable":true,"href":"https:\/\/eldiariodesanpedro.com.ar\/sitio\/wp-json\/wp\/v2\/media\/99326"}],"wp:attachment":[{"href":"https:\/\/eldiariodesanpedro.com.ar\/sitio\/wp-json\/wp\/v2\/media?parent=99886"}],"wp:term":[{"taxonomy":"category","embeddable":true,"href":"https:\/\/eldiariodesanpedro.com.ar\/sitio\/wp-json\/wp\/v2\/categories?post=99886"},{"taxonomy":"post_tag","embeddable":true,"href":"https:\/\/eldiariodesanpedro.com.ar\/sitio\/wp-json\/wp\/v2\/tags?post=99886"}],"curies":[{"name":"wp","href":"https:\/\/api.w.org\/{rel}","templated":true}]}}