{"id":99881,"date":"2021-10-01T23:14:01","date_gmt":"2021-10-02T02:14:01","guid":{"rendered":"https:\/\/eldiariodesanpedro.com.ar\/sitio\/?p=99881"},"modified":"2021-10-01T23:14:05","modified_gmt":"2021-10-02T02:14:05","slug":"futbol-femenino-en-el-estadio-municipal-con-la-visita-del-programa-de-tv-que-vuelvan-los-potreros-juegan-ellas","status":"publish","type":"post","link":"https:\/\/eldiariodesanpedro.com.ar\/sitio\/futbol-femenino-en-el-estadio-municipal-con-la-visita-del-programa-de-tv-que-vuelvan-los-potreros-juegan-ellas\/","title":{"rendered":"F\u00fatbol femenino en el Estadio Municipal con la visita del programa de TV \u201cQue vuelvan los potreros \/ Juegan ellas\u201d"},"content":{"rendered":"<!-- VideographyWP Plugin Message: Automatic video embedding prevented by plugin options. -->\n\n<p>El programa de TV \u201cQue vuelvan los potreros \/ Juegan ellas\u201d realiz\u00f3 una serie de entrevistas relacionadas con el f\u00fatbol femenino en San Pedro, en ese marco se organiz\u00f3 un partido amistoso de f\u00fatbol femenino entre los clubes Mitre y Paran\u00e1 que finaliz\u00f3 1 a 1.<\/p>\n\n\n\n<p>En el transcurso del encuentro, el programa de TV entrevist\u00f3 al Intendente Cecilio Salazar, al Director de Deportes Mariano Arnal y a la promotora local del f\u00fatbol femenino Bel\u00e9n Gim\u00e9nez, dado el fuerte impulso por parte de la municipalidad a esta actividad, con la cesi\u00f3n resiente de un predio y con el acompa\u00f1amiento para que las mujeres sampedrinas que disfrutan del f\u00fatbol puedan hacerlo con continuidad.<\/p>\n\n\n\n<figure class=\"wp-block-image size-large\"><img decoding=\"async\" width=\"576\" height=\"1024\" data-attachment-id=\"99884\" data-permalink=\"https:\/\/eldiariodesanpedro.com.ar\/sitio\/futbol-femenino-en-el-estadio-municipal-con-la-visita-del-programa-de-tv-que-vuelvan-los-potreros-juegan-ellas\/whatsapp-image-2021-10-01-at-17-29-01\/\" data-orig-file=\"https:\/\/eldiariodesanpedro.com.ar\/sitio\/wp-content\/uploads\/2021\/10\/WhatsApp-Image-2021-10-01-at-17.29.01.jpeg\" data-orig-size=\"581,1032\" data-comments-opened=\"0\" data-image-meta=\"{&quot;aperture&quot;:&quot;0&quot;,&quot;credit&quot;:&quot;&quot;,&quot;camera&quot;:&quot;&quot;,&quot;caption&quot;:&quot;&quot;,&quot;created_timestamp&quot;:&quot;0&quot;,&quot;copyright&quot;:&quot;&quot;,&quot;focal_length&quot;:&quot;0&quot;,&quot;iso&quot;:&quot;0&quot;,&quot;shutter_speed&quot;:&quot;0&quot;,&quot;title&quot;:&quot;&quot;,&quot;orientation&quot;:&quot;0&quot;}\" data-image-title=\"WhatsApp Image 2021-10-01 at 17.29.01\" data-image-description=\"\" data-image-caption=\"\" data-large-file=\"https:\/\/eldiariodesanpedro.com.ar\/sitio\/wp-content\/uploads\/2021\/10\/WhatsApp-Image-2021-10-01-at-17.29.01-576x1024.jpeg\" data-src=\"https:\/\/eldiariodesanpedro.com.ar\/sitio\/wp-content\/uploads\/2021\/10\/WhatsApp-Image-2021-10-01-at-17.29.01-576x1024.jpeg\" alt=\"\" class=\"wp-image-99884 lazyload\" data-srcset=\"https:\/\/eldiariodesanpedro.com.ar\/sitio\/wp-content\/uploads\/2021\/10\/WhatsApp-Image-2021-10-01-at-17.29.01-576x1024.jpeg 576w, https:\/\/eldiariodesanpedro.com.ar\/sitio\/wp-content\/uploads\/2021\/10\/WhatsApp-Image-2021-10-01-at-17.29.01-169x300.jpeg 169w, https:\/\/eldiariodesanpedro.com.ar\/sitio\/wp-content\/uploads\/2021\/10\/WhatsApp-Image-2021-10-01-at-17.29.01.jpeg 581w\" data-sizes=\"(max-width: 576px) 100vw, 576px\" src=\"data:image\/svg+xml;base64,PHN2ZyB3aWR0aD0iMSIgaGVpZ2h0PSIxIiB4bWxucz0iaHR0cDovL3d3dy53My5vcmcvMjAwMC9zdmciPjwvc3ZnPg==\" style=\"--smush-placeholder-width: 576px; --smush-placeholder-aspect-ratio: 576\/1024;\" \/><\/figure>\n\n\n\n<figure class=\"wp-block-image size-large\"><img decoding=\"async\" width=\"576\" height=\"1024\" data-attachment-id=\"99883\" data-permalink=\"https:\/\/eldiariodesanpedro.com.ar\/sitio\/futbol-femenino-en-el-estadio-municipal-con-la-visita-del-programa-de-tv-que-vuelvan-los-potreros-juegan-ellas\/whatsapp-image-2021-10-01-at-17-29-00\/\" data-orig-file=\"https:\/\/eldiariodesanpedro.com.ar\/sitio\/wp-content\/uploads\/2021\/10\/WhatsApp-Image-2021-10-01-at-17.29.00.jpeg\" data-orig-size=\"581,1032\" data-comments-opened=\"0\" data-image-meta=\"{&quot;aperture&quot;:&quot;0&quot;,&quot;credit&quot;:&quot;&quot;,&quot;camera&quot;:&quot;&quot;,&quot;caption&quot;:&quot;&quot;,&quot;created_timestamp&quot;:&quot;0&quot;,&quot;copyright&quot;:&quot;&quot;,&quot;focal_length&quot;:&quot;0&quot;,&quot;iso&quot;:&quot;0&quot;,&quot;shutter_speed&quot;:&quot;0&quot;,&quot;title&quot;:&quot;&quot;,&quot;orientation&quot;:&quot;0&quot;}\" data-image-title=\"WhatsApp Image 2021-10-01 at 17.29.00\" data-image-description=\"\" data-image-caption=\"\" data-large-file=\"https:\/\/eldiariodesanpedro.com.ar\/sitio\/wp-content\/uploads\/2021\/10\/WhatsApp-Image-2021-10-01-at-17.29.00-576x1024.jpeg\" data-src=\"https:\/\/eldiariodesanpedro.com.ar\/sitio\/wp-content\/uploads\/2021\/10\/WhatsApp-Image-2021-10-01-at-17.29.00-576x1024.jpeg\" alt=\"\" class=\"wp-image-99883 lazyload\" data-srcset=\"https:\/\/eldiariodesanpedro.com.ar\/sitio\/wp-content\/uploads\/2021\/10\/WhatsApp-Image-2021-10-01-at-17.29.00-576x1024.jpeg 576w, https:\/\/eldiariodesanpedro.com.ar\/sitio\/wp-content\/uploads\/2021\/10\/WhatsApp-Image-2021-10-01-at-17.29.00-169x300.jpeg 169w, https:\/\/eldiariodesanpedro.com.ar\/sitio\/wp-content\/uploads\/2021\/10\/WhatsApp-Image-2021-10-01-at-17.29.00.jpeg 581w\" data-sizes=\"(max-width: 576px) 100vw, 576px\" src=\"data:image\/svg+xml;base64,PHN2ZyB3aWR0aD0iMSIgaGVpZ2h0PSIxIiB4bWxucz0iaHR0cDovL3d3dy53My5vcmcvMjAwMC9zdmciPjwvc3ZnPg==\" style=\"--smush-placeholder-width: 576px; --smush-placeholder-aspect-ratio: 576\/1024;\" \/><\/figure>\n","protected":false},"excerpt":{"rendered":"<p>El programa de TV \u201cQue vuelvan los potreros \/ Juegan ellas\u201d realiz\u00f3 una serie de entrevistas relacionadas con el f\u00fatbol femenino en San Pedro, en ese marco se organiz\u00f3 un partido amistoso de f\u00fatbol femenino entre los clubes Mitre y Paran\u00e1 que finaliz\u00f3 1 a 1. En el transcurso del encuentro, el programa de TV [&hellip;]<\/p>\n","protected":false},"author":4,"featured_media":99882,"comment_status":"closed","ping_status":"closed","sticky":false,"template":"","format":"standard","meta":{"om_disable_all_campaigns":false,"_jetpack_memberships_contains_paid_content":false,"footnotes":""},"categories":[50,101,2],"tags":[197,2439,696,33,2438,19],"class_list":["post-99881","post","type-post","status-publish","format-standard","has-post-thumbnail","hentry","category-destacadas","category-interes-general-locales","category-locales","tag-buenos-aires","tag-futbol-femenino-en-el-estadio-municipal","tag-interes-general","tag-locales","tag-que-vuelvan-los-potreros-juegan-ellas","tag-san-pedro"],"aioseo_notices":[],"gutentor_comment":0,"jetpack_featured_media_url":"https:\/\/eldiariodesanpedro.com.ar\/sitio\/wp-content\/uploads\/2021\/10\/WhatsApp-Image-2021-10-01-at-17.28.59.jpeg","jetpack_shortlink":"https:\/\/wp.me\/p6RhLt-pYZ","jetpack_sharing_enabled":true,"_links":{"self":[{"href":"https:\/\/eldiariodesanpedro.com.ar\/sitio\/wp-json\/wp\/v2\/posts\/99881","targetHints":{"allow":["GET"]}}],"collection":[{"href":"https:\/\/eldiariodesanpedro.com.ar\/sitio\/wp-json\/wp\/v2\/posts"}],"about":[{"href":"https:\/\/eldiariodesanpedro.com.ar\/sitio\/wp-json\/wp\/v2\/types\/post"}],"author":[{"embeddable":true,"href":"https:\/\/eldiariodesanpedro.com.ar\/sitio\/wp-json\/wp\/v2\/users\/4"}],"replies":[{"embeddable":true,"href":"https:\/\/eldiariodesanpedro.com.ar\/sitio\/wp-json\/wp\/v2\/comments?post=99881"}],"version-history":[{"count":1,"href":"https:\/\/eldiariodesanpedro.com.ar\/sitio\/wp-json\/wp\/v2\/posts\/99881\/revisions"}],"predecessor-version":[{"id":99885,"href":"https:\/\/eldiariodesanpedro.com.ar\/sitio\/wp-json\/wp\/v2\/posts\/99881\/revisions\/99885"}],"wp:featuredmedia":[{"embeddable":true,"href":"https:\/\/eldiariodesanpedro.com.ar\/sitio\/wp-json\/wp\/v2\/media\/99882"}],"wp:attachment":[{"href":"https:\/\/eldiariodesanpedro.com.ar\/sitio\/wp-json\/wp\/v2\/media?parent=99881"}],"wp:term":[{"taxonomy":"category","embeddable":true,"href":"https:\/\/eldiariodesanpedro.com.ar\/sitio\/wp-json\/wp\/v2\/categories?post=99881"},{"taxonomy":"post_tag","embeddable":true,"href":"https:\/\/eldiariodesanpedro.com.ar\/sitio\/wp-json\/wp\/v2\/tags?post=99881"}],"curies":[{"name":"wp","href":"https:\/\/api.w.org\/{rel}","templated":true}]}}