{"id":99878,"date":"2021-10-01T23:08:29","date_gmt":"2021-10-02T02:08:29","guid":{"rendered":"https:\/\/eldiariodesanpedro.com.ar\/sitio\/?p=99878"},"modified":"2021-10-01T23:08:33","modified_gmt":"2021-10-02T02:08:33","slug":"gabinete-itinerante-de-la-secretaria-de-desarrollo-economico-en-santa-lucia","status":"publish","type":"post","link":"https:\/\/eldiariodesanpedro.com.ar\/sitio\/gabinete-itinerante-de-la-secretaria-de-desarrollo-economico-en-santa-lucia\/","title":{"rendered":"Gabinete itinerante de la Secretar\u00eda de Desarrollo Econ\u00f3mico en Santa Luc\u00eda"},"content":{"rendered":"<!-- VideographyWP Plugin Message: Automatic video embedding prevented by plugin options. -->\n\n<p>La Secretar\u00eda de Desarrollo Econ\u00f3mico de la Municipalidad de San Pedro visitar\u00e1 nuevamente la localidad de Santa Luc\u00eda con representantes de todas sus \u00e1reas.<\/p>\n\n\n\n<p>El \u00abgabinete itinerante\u00bb brindar\u00e1 en la plaza San Mart\u00edn, el lunes 4 de octubre entre las 9 y las 13 horas informaci\u00f3n para emprendedores, comerciantes, productores y empresarios.<\/p>\n","protected":false},"excerpt":{"rendered":"<p>La Secretar\u00eda de Desarrollo Econ\u00f3mico de la Municipalidad de San Pedro visitar\u00e1 nuevamente la localidad de Santa Luc\u00eda con representantes de todas sus \u00e1reas. El \u00abgabinete itinerante\u00bb brindar\u00e1 en la plaza San Mart\u00edn, el lunes 4 de octubre entre las 9 y las 13 horas informaci\u00f3n para emprendedores, comerciantes, productores y empresarios.<\/p>\n","protected":false},"author":4,"featured_media":99879,"comment_status":"closed","ping_status":"closed","sticky":false,"template":"","format":"standard","meta":{"om_disable_all_campaigns":false,"_jetpack_memberships_contains_paid_content":false,"footnotes":""},"categories":[101,2],"tags":[197,696,33,19],"class_list":["post-99878","post","type-post","status-publish","format-standard","has-post-thumbnail","hentry","category-interes-general-locales","category-locales","tag-buenos-aires","tag-interes-general","tag-locales","tag-san-pedro"],"aioseo_notices":[],"gutentor_comment":0,"jetpack_featured_media_url":"https:\/\/eldiariodesanpedro.com.ar\/sitio\/wp-content\/uploads\/2021\/10\/WhatsApp-Image-2021-10-01-at-16.56.05.jpeg","jetpack_shortlink":"https:\/\/wp.me\/p6RhLt-pYW","jetpack_sharing_enabled":true,"_links":{"self":[{"href":"https:\/\/eldiariodesanpedro.com.ar\/sitio\/wp-json\/wp\/v2\/posts\/99878","targetHints":{"allow":["GET"]}}],"collection":[{"href":"https:\/\/eldiariodesanpedro.com.ar\/sitio\/wp-json\/wp\/v2\/posts"}],"about":[{"href":"https:\/\/eldiariodesanpedro.com.ar\/sitio\/wp-json\/wp\/v2\/types\/post"}],"author":[{"embeddable":true,"href":"https:\/\/eldiariodesanpedro.com.ar\/sitio\/wp-json\/wp\/v2\/users\/4"}],"replies":[{"embeddable":true,"href":"https:\/\/eldiariodesanpedro.com.ar\/sitio\/wp-json\/wp\/v2\/comments?post=99878"}],"version-history":[{"count":1,"href":"https:\/\/eldiariodesanpedro.com.ar\/sitio\/wp-json\/wp\/v2\/posts\/99878\/revisions"}],"predecessor-version":[{"id":99880,"href":"https:\/\/eldiariodesanpedro.com.ar\/sitio\/wp-json\/wp\/v2\/posts\/99878\/revisions\/99880"}],"wp:featuredmedia":[{"embeddable":true,"href":"https:\/\/eldiariodesanpedro.com.ar\/sitio\/wp-json\/wp\/v2\/media\/99879"}],"wp:attachment":[{"href":"https:\/\/eldiariodesanpedro.com.ar\/sitio\/wp-json\/wp\/v2\/media?parent=99878"}],"wp:term":[{"taxonomy":"category","embeddable":true,"href":"https:\/\/eldiariodesanpedro.com.ar\/sitio\/wp-json\/wp\/v2\/categories?post=99878"},{"taxonomy":"post_tag","embeddable":true,"href":"https:\/\/eldiariodesanpedro.com.ar\/sitio\/wp-json\/wp\/v2\/tags?post=99878"}],"curies":[{"name":"wp","href":"https:\/\/api.w.org\/{rel}","templated":true}]}}