{"id":99870,"date":"2021-10-01T23:04:45","date_gmt":"2021-10-02T02:04:45","guid":{"rendered":"https:\/\/eldiariodesanpedro.com.ar\/sitio\/?p=99870"},"modified":"2021-10-01T23:04:50","modified_gmt":"2021-10-02T02:04:50","slug":"emocionante-inauguracion-de-las-nuevas-salas-de-internacion-del-hospital","status":"publish","type":"post","link":"https:\/\/eldiariodesanpedro.com.ar\/sitio\/emocionante-inauguracion-de-las-nuevas-salas-de-internacion-del-hospital\/","title":{"rendered":"Emocionante inauguraci\u00f3n de las nuevas salas de internaci\u00f3n del Hospital"},"content":{"rendered":"<!-- VideographyWP Plugin Message: Automatic video embedding prevented by plugin options. -->\n\n<p>Esta ma\u00f1ana quedaron oficialmente inauguradas las nuevas salas de internaci\u00f3n del Hospital Municipal Emilio Ruffa, que recuperan 32 camas en espacios totalmente reacondicionados para ofrecer una atenci\u00f3n de alta calidad para la comunidad sampedrina.<\/p>\n\n\n\n<p>Cumpliendo con los plazos de obra establecidos y con una inversi\u00f3n de m\u00e1s de 16 millones de pesos, las autoridades, el personal y los medios de comunicaci\u00f3n recorrieron el sector que ahora cuenta con un ingreso independiente para visitas, nueva salida de emergencia y espacios de trabajo m\u00e1s amplios y eficientes.<\/p>\n\n\n\n<p>El Dr. Javier Sualdea, como Director del Hospital fue quien inici\u00f3 el encuentro recordando el delicado momento en el que se decidi\u00f3 llevar adelante esta obra que lamentablemente coincidi\u00f3 con un contexto complejo por la Pandemia de Covid-19, y agradeci\u00f3 a todos los que hicieron el esfuerzo de continuar con la atenci\u00f3n en los meses transcurridos.<\/p>\n\n\n\n<p>Muy emocionada la supervisora de Enfermer\u00eda Yanina Moreira record\u00f3 el proceso al que debieron adaptarse con la mudanza a la Cl\u00ednica San Pedro y ANDAR para continuar funcionando: \u00abAprendimos a valorar lo que era nuestro hospital y ten\u00edamos muchas ganas de volver\u00bb, dijo, tambi\u00e9n agradeciendo el trabajo de todo el equipo.<\/p>\n\n\n\n<p>El Dr. Daniel Creus, Secretario de Salud tambi\u00e9n reflexion\u00f3 sobre \u00abla guerra que nos toc\u00f3 atravesar\u00bb durante los meses de la segunda ola y el gran compromiso que represent\u00f3 habilitar un espacio como ANDAR para poder mantener operativas cada una de las necesidades de la Salud P\u00fablica de San Pedro.<\/p>\n\n\n\n<p>El Intendente Cecilio Salazar pidi\u00f3 un minuto de silencio para homenajear a quienes fallecieron durante la Pandemia, expres\u00f3 sus condolencias con los familiares y amigos de quienes han sufrido p\u00e9rdidas en todos estos meses y con gran satisfacci\u00f3n se\u00f1al\u00f3: \u00abYo fui quien tom\u00f3 la decisi\u00f3n de llevar adelante esta obra, a\u00fan en estos momentos, convencido de que la salud de todos los samperdinos y sampedrinas fue y debe ser una prioridad\u00bb.<\/p>\n\n\n\n<p>Agradeci\u00f3 a todo el personal, sin distinci\u00f3n de rango, haber puesto el alma y el coraz\u00f3n para atender a todos y todas y jam\u00e1s abandonar a nadie.<\/p>\n\n\n\n<p>\u00abTenemos que seguir trabajando, m\u00e1s orgullos y comprometidos que nunca con nuestra comunidad, en San Pedro y en las localidades, con los hospitales de Santa Luc\u00eda y Gobernador Castro y con los centros de salud en donde constantemente estamos haciendo lo que debemos hacer\u00bb, se\u00f1al\u00f3.<\/p>\n\n\n\n<p>Agradeci\u00f3 a la Cooperadora por su valios\u00edsima y constante colaboraci\u00f3n y record\u00f3 que en breve llegar\u00e1 la ampliaci\u00f3n del Laboratorio y que est\u00e1n proyectadas otras importantes mejoras para el Hospital que gracias a una administraci\u00f3n muy eficiente ha logrado generar recursos que son invertidos \u00edntegramente en el nosocomio.<\/p>\n\n\n\n<p>Tras los mensajes, se realiz\u00f3 una recorrida por el sector que ya se encuentra habilitado para la recepci\u00f3n de pacientes y que ha permitido cerrar el centro de atenci\u00f3n que hab\u00eda sido abierto en ANDAR, a la espera de otras iniciativas que se analizan desde el gobierno municipal.<\/p>\n\n\n\n<p>El Intendente aprovech\u00f3 la oportunidad para dialogar con pacientes y familiares a quienes consult\u00f3 sobre la calidad de atenci\u00f3n, m\u00e1s all\u00e1 de las nuevas obras y todos coincidieron en destacar la calidad y la dedicaci\u00f3n de todo el personal.<\/p>\n\n\n\n<p>En el acto y la recorrida participaron adem\u00e1s, funcionarios de todo el equipo de gobierno, concejales, personal del Hospital y allegados a todo el proceso que demand\u00f3 esta obra sumamente esperada.<\/p>\n\n\n\n<figure class=\"wp-block-image size-large\"><img decoding=\"async\" width=\"1024\" height=\"647\" data-attachment-id=\"99872\" data-permalink=\"https:\/\/eldiariodesanpedro.com.ar\/sitio\/emocionante-inauguracion-de-las-nuevas-salas-de-internacion-del-hospital\/whatsapp-image-2021-10-01-at-16-13-57-1\/\" data-orig-file=\"https:\/\/eldiariodesanpedro.com.ar\/sitio\/wp-content\/uploads\/2021\/10\/WhatsApp-Image-2021-10-01-at-16.13.57-1.jpeg\" data-orig-size=\"1280,809\" data-comments-opened=\"0\" data-image-meta=\"{&quot;aperture&quot;:&quot;0&quot;,&quot;credit&quot;:&quot;&quot;,&quot;camera&quot;:&quot;&quot;,&quot;caption&quot;:&quot;&quot;,&quot;created_timestamp&quot;:&quot;0&quot;,&quot;copyright&quot;:&quot;&quot;,&quot;focal_length&quot;:&quot;0&quot;,&quot;iso&quot;:&quot;0&quot;,&quot;shutter_speed&quot;:&quot;0&quot;,&quot;title&quot;:&quot;&quot;,&quot;orientation&quot;:&quot;0&quot;}\" data-image-title=\"WhatsApp Image 2021-10-01 at 16.13.57 (1)\" data-image-description=\"\" data-image-caption=\"\" data-large-file=\"https:\/\/eldiariodesanpedro.com.ar\/sitio\/wp-content\/uploads\/2021\/10\/WhatsApp-Image-2021-10-01-at-16.13.57-1-1024x647.jpeg\" data-src=\"https:\/\/eldiariodesanpedro.com.ar\/sitio\/wp-content\/uploads\/2021\/10\/WhatsApp-Image-2021-10-01-at-16.13.57-1-1024x647.jpeg\" alt=\"\" class=\"wp-image-99872 lazyload\" data-srcset=\"https:\/\/eldiariodesanpedro.com.ar\/sitio\/wp-content\/uploads\/2021\/10\/WhatsApp-Image-2021-10-01-at-16.13.57-1-1024x647.jpeg 1024w, https:\/\/eldiariodesanpedro.com.ar\/sitio\/wp-content\/uploads\/2021\/10\/WhatsApp-Image-2021-10-01-at-16.13.57-1-300x190.jpeg 300w, https:\/\/eldiariodesanpedro.com.ar\/sitio\/wp-content\/uploads\/2021\/10\/WhatsApp-Image-2021-10-01-at-16.13.57-1-768x485.jpeg 768w, https:\/\/eldiariodesanpedro.com.ar\/sitio\/wp-content\/uploads\/2021\/10\/WhatsApp-Image-2021-10-01-at-16.13.57-1.jpeg 1280w\" data-sizes=\"(max-width: 1024px) 100vw, 1024px\" src=\"data:image\/svg+xml;base64,PHN2ZyB3aWR0aD0iMSIgaGVpZ2h0PSIxIiB4bWxucz0iaHR0cDovL3d3dy53My5vcmcvMjAwMC9zdmciPjwvc3ZnPg==\" style=\"--smush-placeholder-width: 1024px; --smush-placeholder-aspect-ratio: 1024\/647;\" \/><\/figure>\n\n\n\n<figure class=\"wp-block-image size-large\"><img decoding=\"async\" width=\"1024\" height=\"682\" data-attachment-id=\"99873\" data-permalink=\"https:\/\/eldiariodesanpedro.com.ar\/sitio\/emocionante-inauguracion-de-las-nuevas-salas-de-internacion-del-hospital\/whatsapp-image-2021-10-01-at-16-13-57-2\/\" data-orig-file=\"https:\/\/eldiariodesanpedro.com.ar\/sitio\/wp-content\/uploads\/2021\/10\/WhatsApp-Image-2021-10-01-at-16.13.57-2.jpeg\" data-orig-size=\"1280,853\" data-comments-opened=\"0\" data-image-meta=\"{&quot;aperture&quot;:&quot;0&quot;,&quot;credit&quot;:&quot;&quot;,&quot;camera&quot;:&quot;&quot;,&quot;caption&quot;:&quot;&quot;,&quot;created_timestamp&quot;:&quot;0&quot;,&quot;copyright&quot;:&quot;&quot;,&quot;focal_length&quot;:&quot;0&quot;,&quot;iso&quot;:&quot;0&quot;,&quot;shutter_speed&quot;:&quot;0&quot;,&quot;title&quot;:&quot;&quot;,&quot;orientation&quot;:&quot;0&quot;}\" data-image-title=\"WhatsApp Image 2021-10-01 at 16.13.57 (2)\" data-image-description=\"\" data-image-caption=\"\" data-large-file=\"https:\/\/eldiariodesanpedro.com.ar\/sitio\/wp-content\/uploads\/2021\/10\/WhatsApp-Image-2021-10-01-at-16.13.57-2-1024x682.jpeg\" data-src=\"https:\/\/eldiariodesanpedro.com.ar\/sitio\/wp-content\/uploads\/2021\/10\/WhatsApp-Image-2021-10-01-at-16.13.57-2-1024x682.jpeg\" alt=\"\" class=\"wp-image-99873 lazyload\" data-srcset=\"https:\/\/eldiariodesanpedro.com.ar\/sitio\/wp-content\/uploads\/2021\/10\/WhatsApp-Image-2021-10-01-at-16.13.57-2-1024x682.jpeg 1024w, https:\/\/eldiariodesanpedro.com.ar\/sitio\/wp-content\/uploads\/2021\/10\/WhatsApp-Image-2021-10-01-at-16.13.57-2-300x200.jpeg 300w, https:\/\/eldiariodesanpedro.com.ar\/sitio\/wp-content\/uploads\/2021\/10\/WhatsApp-Image-2021-10-01-at-16.13.57-2-768x512.jpeg 768w, https:\/\/eldiariodesanpedro.com.ar\/sitio\/wp-content\/uploads\/2021\/10\/WhatsApp-Image-2021-10-01-at-16.13.57-2.jpeg 1280w\" data-sizes=\"(max-width: 1024px) 100vw, 1024px\" src=\"data:image\/svg+xml;base64,PHN2ZyB3aWR0aD0iMSIgaGVpZ2h0PSIxIiB4bWxucz0iaHR0cDovL3d3dy53My5vcmcvMjAwMC9zdmciPjwvc3ZnPg==\" style=\"--smush-placeholder-width: 1024px; --smush-placeholder-aspect-ratio: 1024\/682;\" \/><\/figure>\n\n\n\n<figure class=\"wp-block-image size-large\"><img decoding=\"async\" width=\"1024\" height=\"603\" data-attachment-id=\"99874\" data-permalink=\"https:\/\/eldiariodesanpedro.com.ar\/sitio\/emocionante-inauguracion-de-las-nuevas-salas-de-internacion-del-hospital\/whatsapp-image-2021-10-01-at-16-13-57\/\" data-orig-file=\"https:\/\/eldiariodesanpedro.com.ar\/sitio\/wp-content\/uploads\/2021\/10\/WhatsApp-Image-2021-10-01-at-16.13.57.jpeg\" data-orig-size=\"1280,754\" data-comments-opened=\"0\" data-image-meta=\"{&quot;aperture&quot;:&quot;0&quot;,&quot;credit&quot;:&quot;&quot;,&quot;camera&quot;:&quot;&quot;,&quot;caption&quot;:&quot;&quot;,&quot;created_timestamp&quot;:&quot;0&quot;,&quot;copyright&quot;:&quot;&quot;,&quot;focal_length&quot;:&quot;0&quot;,&quot;iso&quot;:&quot;0&quot;,&quot;shutter_speed&quot;:&quot;0&quot;,&quot;title&quot;:&quot;&quot;,&quot;orientation&quot;:&quot;0&quot;}\" data-image-title=\"WhatsApp Image 2021-10-01 at 16.13.57\" data-image-description=\"\" data-image-caption=\"\" data-large-file=\"https:\/\/eldiariodesanpedro.com.ar\/sitio\/wp-content\/uploads\/2021\/10\/WhatsApp-Image-2021-10-01-at-16.13.57-1024x603.jpeg\" data-src=\"https:\/\/eldiariodesanpedro.com.ar\/sitio\/wp-content\/uploads\/2021\/10\/WhatsApp-Image-2021-10-01-at-16.13.57-1024x603.jpeg\" alt=\"\" class=\"wp-image-99874 lazyload\" data-srcset=\"https:\/\/eldiariodesanpedro.com.ar\/sitio\/wp-content\/uploads\/2021\/10\/WhatsApp-Image-2021-10-01-at-16.13.57-1024x603.jpeg 1024w, https:\/\/eldiariodesanpedro.com.ar\/sitio\/wp-content\/uploads\/2021\/10\/WhatsApp-Image-2021-10-01-at-16.13.57-300x177.jpeg 300w, https:\/\/eldiariodesanpedro.com.ar\/sitio\/wp-content\/uploads\/2021\/10\/WhatsApp-Image-2021-10-01-at-16.13.57-768x452.jpeg 768w, https:\/\/eldiariodesanpedro.com.ar\/sitio\/wp-content\/uploads\/2021\/10\/WhatsApp-Image-2021-10-01-at-16.13.57.jpeg 1280w\" data-sizes=\"(max-width: 1024px) 100vw, 1024px\" src=\"data:image\/svg+xml;base64,PHN2ZyB3aWR0aD0iMSIgaGVpZ2h0PSIxIiB4bWxucz0iaHR0cDovL3d3dy53My5vcmcvMjAwMC9zdmciPjwvc3ZnPg==\" style=\"--smush-placeholder-width: 1024px; --smush-placeholder-aspect-ratio: 1024\/603;\" \/><\/figure>\n","protected":false},"excerpt":{"rendered":"<p>Esta ma\u00f1ana quedaron oficialmente inauguradas las nuevas salas de internaci\u00f3n del Hospital Municipal Emilio Ruffa, que recuperan 32 camas en espacios totalmente reacondicionados para ofrecer una atenci\u00f3n de alta calidad para la comunidad sampedrina. Cumpliendo con los plazos de obra establecidos y con una inversi\u00f3n de m\u00e1s de 16 millones de pesos, las autoridades, el [&hellip;]<\/p>\n","protected":false},"author":4,"featured_media":99871,"comment_status":"closed","ping_status":"closed","sticky":false,"template":"","format":"standard","meta":{"om_disable_all_campaigns":false,"_jetpack_memberships_contains_paid_content":false,"footnotes":""},"categories":[50,101,2],"tags":[197,2437,696,33,19],"class_list":["post-99870","post","type-post","status-publish","format-standard","has-post-thumbnail","hentry","category-destacadas","category-interes-general-locales","category-locales","tag-buenos-aires","tag-emocionante-inauguracion-de-las-nuevas-salas-de-internacion-del-hospital","tag-interes-general","tag-locales","tag-san-pedro"],"aioseo_notices":[],"gutentor_comment":0,"jetpack_featured_media_url":"https:\/\/eldiariodesanpedro.com.ar\/sitio\/wp-content\/uploads\/2021\/10\/WhatsApp-Image-2021-10-01-at-16.13.56.jpeg","jetpack_shortlink":"https:\/\/wp.me\/p6RhLt-pYO","jetpack_sharing_enabled":true,"_links":{"self":[{"href":"https:\/\/eldiariodesanpedro.com.ar\/sitio\/wp-json\/wp\/v2\/posts\/99870","targetHints":{"allow":["GET"]}}],"collection":[{"href":"https:\/\/eldiariodesanpedro.com.ar\/sitio\/wp-json\/wp\/v2\/posts"}],"about":[{"href":"https:\/\/eldiariodesanpedro.com.ar\/sitio\/wp-json\/wp\/v2\/types\/post"}],"author":[{"embeddable":true,"href":"https:\/\/eldiariodesanpedro.com.ar\/sitio\/wp-json\/wp\/v2\/users\/4"}],"replies":[{"embeddable":true,"href":"https:\/\/eldiariodesanpedro.com.ar\/sitio\/wp-json\/wp\/v2\/comments?post=99870"}],"version-history":[{"count":1,"href":"https:\/\/eldiariodesanpedro.com.ar\/sitio\/wp-json\/wp\/v2\/posts\/99870\/revisions"}],"predecessor-version":[{"id":99877,"href":"https:\/\/eldiariodesanpedro.com.ar\/sitio\/wp-json\/wp\/v2\/posts\/99870\/revisions\/99877"}],"wp:featuredmedia":[{"embeddable":true,"href":"https:\/\/eldiariodesanpedro.com.ar\/sitio\/wp-json\/wp\/v2\/media\/99871"}],"wp:attachment":[{"href":"https:\/\/eldiariodesanpedro.com.ar\/sitio\/wp-json\/wp\/v2\/media?parent=99870"}],"wp:term":[{"taxonomy":"category","embeddable":true,"href":"https:\/\/eldiariodesanpedro.com.ar\/sitio\/wp-json\/wp\/v2\/categories?post=99870"},{"taxonomy":"post_tag","embeddable":true,"href":"https:\/\/eldiariodesanpedro.com.ar\/sitio\/wp-json\/wp\/v2\/tags?post=99870"}],"curies":[{"name":"wp","href":"https:\/\/api.w.org\/{rel}","templated":true}]}}