{"id":99867,"date":"2021-10-01T22:55:13","date_gmt":"2021-10-02T01:55:13","guid":{"rendered":"https:\/\/eldiariodesanpedro.com.ar\/sitio\/?p=99867"},"modified":"2021-10-01T22:55:14","modified_gmt":"2021-10-02T01:55:14","slug":"norberto-angel-38-anos-tranquera-abierta","status":"publish","type":"post","link":"https:\/\/eldiariodesanpedro.com.ar\/sitio\/norberto-angel-38-anos-tranquera-abierta\/","title":{"rendered":"Norberto Angel: 38 a\u00f1os tranquera abierta"},"content":{"rendered":"<!-- VideographyWP Plugin Message: Automatic video embedding prevented by plugin options. -->\n\n<p>La primavera de 2021 anticipa la jubilaci\u00f3n de Norberto Angel. Respetado en el medio por el compromiso destacable con su labor, deja huellas imborrables en su paso por el INTA San Pedro. De becario a director, repasamos la vida profesional de este ingeniero agr\u00f3nomo que dedic\u00f3 su vida a la Extensi\u00f3n.<\/p>\n\n\n\n<p>Despu\u00e9s de 38 a\u00f1os de servicio, Antonio Norberto Angel se acoge al bien merecido beneficio de su jubilaci\u00f3n. Los salones del INTA extra\u00f1ar\u00e1n su capacidad de an\u00e1lisis y reflexi\u00f3n al alzar su voz, expresando su opini\u00f3n minuciosa en la vida institucional. Tambi\u00e9n lo har\u00e1 el sector productivo y profesional aguardando que atraviese la tranquera para conversar y proyectar actividades de su mano. Convincente y cr\u00edtico de muchas situaciones, m\u00e1s all\u00e1 del valioso aporte que realiz\u00f3 a la gesti\u00f3n, no hay dudas que 38 a\u00f1os abriendo tranqueras lo convierten en un extensionista con honores, no s\u00f3lo por ejercer su profesi\u00f3n con compromiso sino tambi\u00e9n por disfrutar al m\u00e1ximo esas peque\u00f1as experiencias cotidianas en contacto con el productor, y transmitiendo esa pasi\u00f3n por el trabajo a muchos que tuvieron el placer de conocerlo. \u201cReconozco la importancia de las nuevas tecnolog\u00edas, pero el contacto y conocimiento personal genera una confianza y compromiso que para m\u00ed no se reemplaza con nada. Fui formado en otra escuela, en otra Universidad, en una instituci\u00f3n diferente\u201d, precisa Norberto, poniendo en valor los v\u00ednculos que ha sabido cosechar a lo largo de su carrera en el INTA.<\/p>\n\n\n\n<p>Nacido en el barrio de Boedo en la ciudad de Buenos Aires, es el menor de dos hermanos de una familia peque\u00f1a. Se considera una persona com\u00fan, con cualidades y defectos, y tambi\u00e9n un entusiasta de todos los deportes, aunque s\u00f3lo practic\u00f3 f\u00fatbol en el club del barrio. De su infancia y adolescencia atesora hermosos recuerdos donde a\u00fan refugia la amistad. Pasando a la vida estudiantil, es probable que en la decisi\u00f3n de estudiar agronom\u00eda haya influido la figura paterna como Ingeniero Agr\u00f3nomo, aunque ciertamente la ilusi\u00f3n de sus padres era que estudiara una carrera universitaria, sin distinguir alguna en particular. De su \u00e9poca de estudiante universitario en la d\u00e9cada del 70 recuerda que cursaba de noche en la Facultad de Agronom\u00eda de la Universidad de Buenos Aires, ingresando por la larga avenida de las casuarinas. \u201cMucho control, un comedor tapizado de afiches, algunas clases interrumpidas, docentes destacados y los ex\u00e1menes finales\u201d, rememora Angel, teniendo en cuenta que durante el d\u00eda trabajaba en la fabricaci\u00f3n y reparaci\u00f3n de cortinas enrollables.<\/p>\n\n\n\n<p>Los inicios en el INTA<\/p>\n\n\n\n<p>Su v\u00ednculo con el INTA es anterior a su propia incorporaci\u00f3n, a partir del fuerte lazo de su padre con la instituci\u00f3n, iniciando su trabajo como profesional en Formosa en una Agronom\u00eda Regional: \u201cPor aquel entonces, INTA era un organismo de referencia para el sector agropecuario\u2026 Siempre me llam\u00f3 mucho la atenci\u00f3n su organizaci\u00f3n, la participaci\u00f3n de representantes del sector p\u00fablico &#8211; privado en el Consejo Directivo Nacional, el fuerte compromiso con la instituci\u00f3n, las an\u00e9cdotas compartidas por mi padre en defensa del organismo\u201d\u2026<\/p>\n\n\n\n<p>En 1981 Angel se recibe de Ingeniero Agr\u00f3nomo y despu\u00e9s de algunos a\u00f1os de trabajo en la actividad privada, en mayo de 1983, ingresa al INTA como becario de iniciaci\u00f3n en lo que por aquel entonces era el Departamento de Patolog\u00eda Vegetal (actualmente IMyZA) del Centro de Investigaciones de INTA Castelar. \u201cViajaba casi 2 horas desde mi casa en colectivo y tren, hasta la estaci\u00f3n de Castelar, donde tomaba el micro de la Instituci\u00f3n, y aprovechaba el viaje para leer\u201d, recuerda Norberto trayendo a su mente algunas figuras que lo marcaron en aquella \u00e9poca: el Ingeniero Horacio Rizzo, Ingeniero Santoro, Doctor Arqu\u00edmedes Bolondi, Doctora Irma Crouzel y Eduardo Botto.<\/p>\n\n\n\n<p>Dos a\u00f1os m\u00e1s tarde se instalaba en San Pedro como Extensionista Asesor T\u00e9cnico en Fruticultura y Vivero. Sus primeros pasos en San Pedro fueron en la Agencia de Extensi\u00f3n Rural, junto a los Ingenieros Antonio Berardi, Zelick Fuchs, Blanca Basald\u00faa, Liliana Llul y Onofre Antonio Solla, por quienes siente un inmenso agradecimiento por su compa\u00f1erismo y acompa\u00f1amiento. \u201cEl Ingeniero Antonio Berardi, por entonces jefe de la Agencia de Extensi\u00f3n Rural, era uno de los pioneros del trabajo de INTA en la zona. Fue quien me contact\u00f3 e invit\u00f3 a sumarme al trabajo en extensi\u00f3n en fruticultura. Onofre fue mi gran compinche, con quien conoc\u00ed San Pedro y su gente. Por \u00e9l me abrieron muchas tranqueras\u00bb, destaca Norberto quien a trav\u00e9s de los a\u00f1os se convirti\u00f3 en el especialista en Extensi\u00f3n Agropecuaria y Fruticultura, rol que desempe\u00f1a hasta los \u00faltimos d\u00edas de su vida profesional.<\/p>\n","protected":false},"excerpt":{"rendered":"<p>La primavera de 2021 anticipa la jubilaci\u00f3n de Norberto Angel. Respetado en el medio por el compromiso destacable con su labor, deja huellas imborrables en su paso por el INTA San Pedro. De becario a director, repasamos la vida profesional de este ingeniero agr\u00f3nomo que dedic\u00f3 su vida a la Extensi\u00f3n. Despu\u00e9s de 38 a\u00f1os [&hellip;]<\/p>\n","protected":false},"author":4,"featured_media":99868,"comment_status":"closed","ping_status":"closed","sticky":false,"template":"","format":"standard","meta":{"om_disable_all_campaigns":false,"_jetpack_memberships_contains_paid_content":false,"footnotes":""},"categories":[101,2],"tags":[197,696,33,19],"class_list":["post-99867","post","type-post","status-publish","format-standard","has-post-thumbnail","hentry","category-interes-general-locales","category-locales","tag-buenos-aires","tag-interes-general","tag-locales","tag-san-pedro"],"aioseo_notices":[],"gutentor_comment":0,"jetpack_featured_media_url":"https:\/\/eldiariodesanpedro.com.ar\/sitio\/wp-content\/uploads\/2021\/10\/unnamed.png","jetpack_shortlink":"https:\/\/wp.me\/p6RhLt-pYL","jetpack_sharing_enabled":true,"_links":{"self":[{"href":"https:\/\/eldiariodesanpedro.com.ar\/sitio\/wp-json\/wp\/v2\/posts\/99867","targetHints":{"allow":["GET"]}}],"collection":[{"href":"https:\/\/eldiariodesanpedro.com.ar\/sitio\/wp-json\/wp\/v2\/posts"}],"about":[{"href":"https:\/\/eldiariodesanpedro.com.ar\/sitio\/wp-json\/wp\/v2\/types\/post"}],"author":[{"embeddable":true,"href":"https:\/\/eldiariodesanpedro.com.ar\/sitio\/wp-json\/wp\/v2\/users\/4"}],"replies":[{"embeddable":true,"href":"https:\/\/eldiariodesanpedro.com.ar\/sitio\/wp-json\/wp\/v2\/comments?post=99867"}],"version-history":[{"count":1,"href":"https:\/\/eldiariodesanpedro.com.ar\/sitio\/wp-json\/wp\/v2\/posts\/99867\/revisions"}],"predecessor-version":[{"id":99869,"href":"https:\/\/eldiariodesanpedro.com.ar\/sitio\/wp-json\/wp\/v2\/posts\/99867\/revisions\/99869"}],"wp:featuredmedia":[{"embeddable":true,"href":"https:\/\/eldiariodesanpedro.com.ar\/sitio\/wp-json\/wp\/v2\/media\/99868"}],"wp:attachment":[{"href":"https:\/\/eldiariodesanpedro.com.ar\/sitio\/wp-json\/wp\/v2\/media?parent=99867"}],"wp:term":[{"taxonomy":"category","embeddable":true,"href":"https:\/\/eldiariodesanpedro.com.ar\/sitio\/wp-json\/wp\/v2\/categories?post=99867"},{"taxonomy":"post_tag","embeddable":true,"href":"https:\/\/eldiariodesanpedro.com.ar\/sitio\/wp-json\/wp\/v2\/tags?post=99867"}],"curies":[{"name":"wp","href":"https:\/\/api.w.org\/{rel}","templated":true}]}}