{"id":99854,"date":"2021-10-01T22:37:19","date_gmt":"2021-10-02T01:37:19","guid":{"rendered":"https:\/\/eldiariodesanpedro.com.ar\/sitio\/?p=99854"},"modified":"2021-10-01T22:37:24","modified_gmt":"2021-10-02T01:37:24","slug":"se-presento-el-proyecto-para-la-construccion-de-25-viviendas-en-rio-tala","status":"publish","type":"post","link":"https:\/\/eldiariodesanpedro.com.ar\/sitio\/se-presento-el-proyecto-para-la-construccion-de-25-viviendas-en-rio-tala\/","title":{"rendered":"Se present\u00f3 el proyecto para la construcci\u00f3n de 25 viviendas en R\u00edo Tala"},"content":{"rendered":"<!-- VideographyWP Plugin Message: Automatic video embedding prevented by plugin options. -->\n\n<p>La Municipalidad de San Pedro informa a trav\u00e9s de la Secretar\u00eda de Obras P\u00fablicas y Catastro se present\u00f3 oficialmente ante el Ministerio de H\u00e1bitat, el proyecto la construcci\u00f3n de 25 nuevas viviendas, concretando la implementaci\u00f3n de un plan habitacional programado, que no registra antecedentes en la localidad.<\/p>\n\n\n\n<p>Desde el \u00e1rea que conduce el Dr. Javier Silva se elev\u00f3 el proyecto que se enmarcar\u00e1 en los terrenos comprendidos por las calles Camellino, El Cielito, Juan Levalle y una calle que se demarcar\u00e1 oportunamente.<\/p>\n\n\n\n<p>El plan estar\u00e1 destinado a vecinos de la localidad.<\/p>\n","protected":false},"excerpt":{"rendered":"<p>La Municipalidad de San Pedro informa a trav\u00e9s de la Secretar\u00eda de Obras P\u00fablicas y Catastro se present\u00f3 oficialmente ante el Ministerio de H\u00e1bitat, el proyecto la construcci\u00f3n de 25 nuevas viviendas, concretando la implementaci\u00f3n de un plan habitacional programado, que no registra antecedentes en la localidad. Desde el \u00e1rea que conduce el Dr. Javier [&hellip;]<\/p>\n","protected":false},"author":4,"featured_media":99859,"comment_status":"closed","ping_status":"closed","sticky":false,"template":"","format":"standard","meta":{"om_disable_all_campaigns":false,"_jetpack_memberships_contains_paid_content":false,"footnotes":""},"categories":[50,101,2],"tags":[197,696,33,19],"class_list":["post-99854","post","type-post","status-publish","format-standard","has-post-thumbnail","hentry","category-destacadas","category-interes-general-locales","category-locales","tag-buenos-aires","tag-interes-general","tag-locales","tag-san-pedro"],"aioseo_notices":[],"gutentor_comment":0,"jetpack_featured_media_url":"https:\/\/eldiariodesanpedro.com.ar\/sitio\/wp-content\/uploads\/2021\/10\/WhatsApp-Image-2021-10-01-at-09.56.15.jpeg","jetpack_shortlink":"https:\/\/wp.me\/p6RhLt-pYy","jetpack_sharing_enabled":true,"_links":{"self":[{"href":"https:\/\/eldiariodesanpedro.com.ar\/sitio\/wp-json\/wp\/v2\/posts\/99854","targetHints":{"allow":["GET"]}}],"collection":[{"href":"https:\/\/eldiariodesanpedro.com.ar\/sitio\/wp-json\/wp\/v2\/posts"}],"about":[{"href":"https:\/\/eldiariodesanpedro.com.ar\/sitio\/wp-json\/wp\/v2\/types\/post"}],"author":[{"embeddable":true,"href":"https:\/\/eldiariodesanpedro.com.ar\/sitio\/wp-json\/wp\/v2\/users\/4"}],"replies":[{"embeddable":true,"href":"https:\/\/eldiariodesanpedro.com.ar\/sitio\/wp-json\/wp\/v2\/comments?post=99854"}],"version-history":[{"count":1,"href":"https:\/\/eldiariodesanpedro.com.ar\/sitio\/wp-json\/wp\/v2\/posts\/99854\/revisions"}],"predecessor-version":[{"id":99860,"href":"https:\/\/eldiariodesanpedro.com.ar\/sitio\/wp-json\/wp\/v2\/posts\/99854\/revisions\/99860"}],"wp:featuredmedia":[{"embeddable":true,"href":"https:\/\/eldiariodesanpedro.com.ar\/sitio\/wp-json\/wp\/v2\/media\/99859"}],"wp:attachment":[{"href":"https:\/\/eldiariodesanpedro.com.ar\/sitio\/wp-json\/wp\/v2\/media?parent=99854"}],"wp:term":[{"taxonomy":"category","embeddable":true,"href":"https:\/\/eldiariodesanpedro.com.ar\/sitio\/wp-json\/wp\/v2\/categories?post=99854"},{"taxonomy":"post_tag","embeddable":true,"href":"https:\/\/eldiariodesanpedro.com.ar\/sitio\/wp-json\/wp\/v2\/tags?post=99854"}],"curies":[{"name":"wp","href":"https:\/\/api.w.org\/{rel}","templated":true}]}}