{"id":99850,"date":"2021-10-01T09:34:49","date_gmt":"2021-10-01T12:34:49","guid":{"rendered":"https:\/\/eldiariodesanpedro.com.ar\/sitio\/?p=99850"},"modified":"2021-10-01T09:34:53","modified_gmt":"2021-10-01T12:34:53","slug":"estafa-y-extorsion-a-traves-de-llamadas-telefonicas-a-un-ciudadano","status":"publish","type":"post","link":"https:\/\/eldiariodesanpedro.com.ar\/sitio\/estafa-y-extorsion-a-traves-de-llamadas-telefonicas-a-un-ciudadano\/","title":{"rendered":"Estafa y extorsi\u00f3n a trav\u00e9s de llamadas telefonicas a un ciudadano"},"content":{"rendered":"<!-- VideographyWP Plugin Message: Automatic video embedding prevented by plugin options. -->\n\n<p>Este jueves siendo las 15:10 horas se recibio la denuncia en la comisaria local por parte de un ciudadano de 20 a\u00f1os de edad, que en el d\u00eda de la fecha recibe mensajes a trav\u00e9s de la red mensajer\u00eda \u201cWhatsApp\u201d de un abonado que desconoce procedencia, refiri\u00e9ndose estar implicado en una causa penal por un hecho que denunciante manifiesta desconocer.\u00a0<\/p>\n\n\n\n<p>Posterior a ello recibe una llamada telef\u00f3nica de abonado privado pidi\u00e9ndole dinero en efectivo a cambio de cerrar la causa.&nbsp;<\/p>\n\n\n\n<p>Interviene UFI N\u00ba 05, dispone inicien actuaciones judiciales caratuladas Extorsi\u00f3n.<\/p>\n","protected":false},"excerpt":{"rendered":"<p>Este jueves siendo las 15:10 horas se recibio la denuncia en la comisaria local por parte de un ciudadano de 20 a\u00f1os de edad, que en el d\u00eda de la fecha recibe mensajes a trav\u00e9s de la red mensajer\u00eda \u201cWhatsApp\u201d de un abonado que desconoce procedencia, refiri\u00e9ndose estar implicado en una causa penal por un [&hellip;]<\/p>\n","protected":false},"author":4,"featured_media":45394,"comment_status":"closed","ping_status":"closed","sticky":false,"template":"","format":"standard","meta":{"om_disable_all_campaigns":false,"_jetpack_memberships_contains_paid_content":false,"footnotes":""},"categories":[2,103],"tags":[197,696,33,19],"class_list":["post-99850","post","type-post","status-publish","format-standard","has-post-thumbnail","hentry","category-locales","category-policiales-locales","tag-buenos-aires","tag-interes-general","tag-locales","tag-san-pedro"],"aioseo_notices":[],"gutentor_comment":0,"jetpack_featured_media_url":"https:\/\/eldiariodesanpedro.com.ar\/sitio\/wp-content\/uploads\/2019\/01\/comisaria.jpg","jetpack_shortlink":"https:\/\/wp.me\/p6RhLt-pYu","jetpack_sharing_enabled":true,"_links":{"self":[{"href":"https:\/\/eldiariodesanpedro.com.ar\/sitio\/wp-json\/wp\/v2\/posts\/99850","targetHints":{"allow":["GET"]}}],"collection":[{"href":"https:\/\/eldiariodesanpedro.com.ar\/sitio\/wp-json\/wp\/v2\/posts"}],"about":[{"href":"https:\/\/eldiariodesanpedro.com.ar\/sitio\/wp-json\/wp\/v2\/types\/post"}],"author":[{"embeddable":true,"href":"https:\/\/eldiariodesanpedro.com.ar\/sitio\/wp-json\/wp\/v2\/users\/4"}],"replies":[{"embeddable":true,"href":"https:\/\/eldiariodesanpedro.com.ar\/sitio\/wp-json\/wp\/v2\/comments?post=99850"}],"version-history":[{"count":1,"href":"https:\/\/eldiariodesanpedro.com.ar\/sitio\/wp-json\/wp\/v2\/posts\/99850\/revisions"}],"predecessor-version":[{"id":99851,"href":"https:\/\/eldiariodesanpedro.com.ar\/sitio\/wp-json\/wp\/v2\/posts\/99850\/revisions\/99851"}],"wp:featuredmedia":[{"embeddable":true,"href":"https:\/\/eldiariodesanpedro.com.ar\/sitio\/wp-json\/wp\/v2\/media\/45394"}],"wp:attachment":[{"href":"https:\/\/eldiariodesanpedro.com.ar\/sitio\/wp-json\/wp\/v2\/media?parent=99850"}],"wp:term":[{"taxonomy":"category","embeddable":true,"href":"https:\/\/eldiariodesanpedro.com.ar\/sitio\/wp-json\/wp\/v2\/categories?post=99850"},{"taxonomy":"post_tag","embeddable":true,"href":"https:\/\/eldiariodesanpedro.com.ar\/sitio\/wp-json\/wp\/v2\/tags?post=99850"}],"curies":[{"name":"wp","href":"https:\/\/api.w.org\/{rel}","templated":true}]}}