{"id":9985,"date":"2016-11-09T20:13:00","date_gmt":"2016-11-09T23:13:00","guid":{"rendered":"https:\/\/eldiariodesanpedro.com.ar\/sitio\/?p=9985"},"modified":"2016-11-09T20:45:43","modified_gmt":"2016-11-09T23:45:43","slug":"tenemos-que-cubrir-cuatro-cuadriculas-y-solo-disponemos-de-personal-para-una","status":"publish","type":"post","link":"https:\/\/eldiariodesanpedro.com.ar\/sitio\/tenemos-que-cubrir-cuatro-cuadriculas-y-solo-disponemos-de-personal-para-una\/","title":{"rendered":"\u00abTenemos que cubrir cuatro cuadr\u00edculas y solo disponemos de personal para una\u00bb"},"content":{"rendered":"<p><!-- VideographyWP Plugin Message: Automatic video embedding prevented by plugin options. --><br \/>\nEn la ma\u00f1ana de ayer, estuvimos reunidos con el jefe distrital, Fabi\u00e1n Gallo, con quien dialogamos sobre diversas problem\u00e1ticas: en primer lugar, sobre la reuni\u00f3n del Consejo de Seguridad y tambi\u00e9n sobre lo sucedido con \u00c1ngel Burgos. El control que se est\u00e1 realizando en la zona rural y la causa del abusador detenido de 53 a\u00f1os el d\u00eda martes tambi\u00e9n fueron temas abordados en comunicaci\u00f3n con Gallo. <\/p>\n<p>El martes al mediod\u00eda se reunieron por el Consejo de Seguridad. Se tratan distintos temas, pero sobre todo se hizo hincapi\u00e9 en una situaci\u00f3n que involucraba al se\u00f1or \u00c1ngel Burgos, publicada en algunos medios locales. Se iniciaron actuaciones administrativas y judiciales con la intervenci\u00f3n de la UFI N\u00ba 5, por cuestiones que involucran a personal policial. La causa la lleva adelante el Dr. Manzo y est\u00e1 caratulada como \u00abAveriguaci\u00f3n de il\u00edcito\u00bb.<\/p>\n<p>Seg\u00fan el jefe distrital: \u00abTodo comenz\u00f3 por un audio que WhatsApp que circul\u00f3 en los funcionarios. Yo al audio no lo escuch\u00e9, pero la fiscal\u00eda va a pedir que se presente la persona que lo ten\u00eda\u00bb. Adem\u00e1s, se refiri\u00f3 a lo hablado en la reuni\u00f3n: \u00abSe trat\u00f3 la falta de personal en general. Es normal en toda la Provincia. En San Pedro tenemos que cubrir cuatro cuadr\u00edculas y, si es que se nos llega a enfermar un polic\u00eda, no llegamos a cubrir un sola cuadr\u00edcula\u00bb. <\/p>\n<p><strong>Reciente detenci\u00f3n por abuso sexual<\/strong><\/p>\n<p>Gallo tambi\u00e9n habl\u00f3 de la situaci\u00f3n que se dio a conocer el martes y que fue el tema del d\u00eda: la detenci\u00f3n del afilador de cuchillos Juan Carlos Segalat, acusado de abuso. Sobre ello relat\u00f3: \u00abSe trata de un hombre, de 53 a\u00f1os de edad, con domicilio en Bvard. Moreno al 700. En el d\u00eda martes fuimos convocados por el fiscal Manso, donde nos dieron una orden de detenci\u00f3n para esta persona, por el delito de abuso sexual agravado y corrupci\u00f3n de menores agravado, por abusar de una menor de 13 a\u00f1os en una causa que instruye la Fiscal\u00eda N\u00ba5 desde el a\u00f1o 2014\u00bb.<\/p>\n<p><strong>Operativos de nocturnidad <\/strong><\/p>\n<p>Continuando el di\u00e1logo con El Diario, el jefe distrital coment\u00f3 que participan, los fines de semanas, en los operativos que lleva a cabo la Direcci\u00f3n de Tr\u00e1nsito con personal de recargo y con refuerzo de alg\u00fan m\u00f3vil del destacamento.<br \/>\nEn ese sentido, detall\u00f3 que se aument\u00f3 el apoyo con m\u00e1s personal policial y se aport\u00f3 un m\u00f3vil para estar presente por cualquier problema que pueda ocurrir. Adem\u00e1s, adelant\u00f3 que se empezar\u00e1 a poner mayor \u00e9nfasis en los operativos de alcoholemia los fines de semana, sobre todo en el horario de salida de los boliches.<\/p>\n<p>Para finalizar, Gallo inform\u00f3 que se est\u00e1 trabajando con patrulleros de la distrital en conjunto con la polic\u00eda rural durante el horario de 22.00 a 6.00, reforzando as\u00ed la presencia de los oficiales en una zona que es muy amplia. Hasta ahora, se han obtenido muy buenos resultados, asegura el jefe distrital: se secuestraron 7 motos y adem\u00e1s se detuvieron personas por portaci\u00f3n de arma. <\/p>\n","protected":false},"excerpt":{"rendered":"<p>En la ma\u00f1ana de ayer, estuvimos reunidos con el jefe distrital, Fabi\u00e1n Gallo, con quien dialogamos sobre diversas problem\u00e1ticas: en primer lugar, sobre la reuni\u00f3n del Consejo de Seguridad y tambi\u00e9n sobre lo sucedido con \u00c1ngel Burgos. El control que se est\u00e1 realizando en la zona rural y la causa del abusador detenido de 53 [&hellip;]<\/p>\n","protected":false},"author":4,"featured_media":9987,"comment_status":"open","ping_status":"closed","sticky":false,"template":"","format":"standard","meta":{"om_disable_all_campaigns":false,"_jetpack_memberships_contains_paid_content":false,"footnotes":""},"categories":[50,2,103,102],"tags":[],"class_list":["post-9985","post","type-post","status-publish","format-standard","has-post-thumbnail","hentry","category-destacadas","category-locales","category-policiales-locales","category-politica-locales"],"aioseo_notices":[],"gutentor_comment":0,"jetpack_featured_media_url":"https:\/\/eldiariodesanpedro.com.ar\/sitio\/wp-content\/uploads\/2016\/11\/FABI\u00c1N-GALLO.jpg","jetpack_shortlink":"https:\/\/wp.me\/p6RhLt-2B3","jetpack_sharing_enabled":true,"_links":{"self":[{"href":"https:\/\/eldiariodesanpedro.com.ar\/sitio\/wp-json\/wp\/v2\/posts\/9985","targetHints":{"allow":["GET"]}}],"collection":[{"href":"https:\/\/eldiariodesanpedro.com.ar\/sitio\/wp-json\/wp\/v2\/posts"}],"about":[{"href":"https:\/\/eldiariodesanpedro.com.ar\/sitio\/wp-json\/wp\/v2\/types\/post"}],"author":[{"embeddable":true,"href":"https:\/\/eldiariodesanpedro.com.ar\/sitio\/wp-json\/wp\/v2\/users\/4"}],"replies":[{"embeddable":true,"href":"https:\/\/eldiariodesanpedro.com.ar\/sitio\/wp-json\/wp\/v2\/comments?post=9985"}],"version-history":[{"count":2,"href":"https:\/\/eldiariodesanpedro.com.ar\/sitio\/wp-json\/wp\/v2\/posts\/9985\/revisions"}],"predecessor-version":[{"id":9989,"href":"https:\/\/eldiariodesanpedro.com.ar\/sitio\/wp-json\/wp\/v2\/posts\/9985\/revisions\/9989"}],"wp:featuredmedia":[{"embeddable":true,"href":"https:\/\/eldiariodesanpedro.com.ar\/sitio\/wp-json\/wp\/v2\/media\/9987"}],"wp:attachment":[{"href":"https:\/\/eldiariodesanpedro.com.ar\/sitio\/wp-json\/wp\/v2\/media?parent=9985"}],"wp:term":[{"taxonomy":"category","embeddable":true,"href":"https:\/\/eldiariodesanpedro.com.ar\/sitio\/wp-json\/wp\/v2\/categories?post=9985"},{"taxonomy":"post_tag","embeddable":true,"href":"https:\/\/eldiariodesanpedro.com.ar\/sitio\/wp-json\/wp\/v2\/tags?post=9985"}],"curies":[{"name":"wp","href":"https:\/\/api.w.org\/{rel}","templated":true}]}}