{"id":99845,"date":"2021-10-01T09:23:15","date_gmt":"2021-10-01T12:23:15","guid":{"rendered":"https:\/\/eldiariodesanpedro.com.ar\/sitio\/?p=99845"},"modified":"2021-10-01T09:23:20","modified_gmt":"2021-10-01T12:23:20","slug":"se-creara-en-baradero-el-museo-sposito","status":"publish","type":"post","link":"https:\/\/eldiariodesanpedro.com.ar\/sitio\/se-creara-en-baradero-el-museo-sposito\/","title":{"rendered":"Se crear\u00e1 en Baradero el \u201cMuseo Sp\u00f3sito\u201d"},"content":{"rendered":"<!-- VideographyWP Plugin Message: Automatic video embedding prevented by plugin options. -->\n\n<p>&nbsp;En los pr\u00f3ximos meses, Baradero contar\u00e1 con un nuevo atractivo tur\u00edstico-cultural que ser\u00e1 emplazado en su avenida costanera: el MUSEO SP\u00d3SITO.<\/p>\n\n\n\n<p>Esta decisi\u00f3n de la empresa tiene como finalidad la creaci\u00f3n de un espacio donde la sociedad, no s\u00f3lo pueda conocer la historia de una de las firmas con mayor trayectoria de Baradero, sino que pueda adoptar al lugar como un punto de reuni\u00f3n y disfrute en la costanera de la ciudad.<\/p>\n\n\n\n<p>Para el montaje de este nuevo punto de inter\u00e9s, la firma convoc\u00f3 a las arquitectas Susana Degese y B\u00e1rbara Sp\u00f3sito, que dise\u00f1ar\u00e1n el aspecto externo del edificio que albergar\u00e1 al museo; mientras que el dise\u00f1o del interior y la conformaci\u00f3n de la exposici\u00f3n estar\u00e1n a cargo de Jos\u00e9 Luis Aguilar, fundador del Museo Paleontol\u00f3gico de San Pedro.<\/p>\n\n\n\n<p>El museo estar\u00e1 presentado en una sala de 10 metros de ancho por 15 metros de largo. Contar\u00e1 con una peque\u00f1a recepci\u00f3n, vitrinas empotradas en las paredes, un sector central en desnivel, iluminaci\u00f3n focalizada y sanitarios.<\/p>\n\n\n\n<p>Al ingresar, personal del lugar dar\u00e1 la bienvenida y la folleter\u00eda al visitante, sean estos familias o grupos escolares. De inmediato, ser\u00e1 conducido en un recorrido por el tiempo, a trav\u00e9s de im\u00e1genes y objetos que comienza en 1905, fecha fundacional de la empresa.<\/p>\n\n\n\n<p>Una serie de vitrinas que se montar\u00e1n sobre la pared que dar\u00e1 a Almirante Brown, atesorar\u00e1n objetos utilizados en las diferentes \u00e1reas de la empresa durante d\u00e9cadas. Estos espacios ser\u00e1n complementados con fotograf\u00edas de diferentes momentos y protagonistas que han forjado la historia de la firma.<\/p>\n\n\n\n<p>El sector central en desnivel estar\u00e1 ocupado por los restos de la primera barcaza de la empresa: \u201cEl Tudesco\u201d. Este nav\u00edo del siglo XIX del que a\u00fan se conserva una parte importante de las maderas que formaban su estructura, es el s\u00edmbolo del esfuerzo y tenacidad que ha caracterizado a la familia Sp\u00f3sito a lo largo de todos estos a\u00f1os. Estar\u00e1 depositado sobre un piso con ondulaciones, las cuales, con una iluminaci\u00f3n apropiada, recrear\u00e1n el agua del r\u00edo.<\/p>\n\n\n\n<p>Rodeando al \u201cEl Tudesco\u201d, un tableado en el piso, pilotes y sogas n\u00e1uticas simular\u00e1n un muelle de amarre en el que, a trav\u00e9s de carteler\u00eda, se exhibir\u00e1n diferentes detalles vinculados a la antigua embarcaci\u00f3n.<\/p>\n\n\n\n<p>Numerosos objetos de connotaci\u00f3n hist\u00f3rica y una serie importante de fotograf\u00edas e infograf\u00edas, se instalar\u00e1n sobre dos de las paredes restantes y mostrar\u00e1n al visitante la vida de una empresa que ha dado oportunidad de trabajo a numerosas familias de Baradero y San Pedro a lo largo de su historia.<\/p>\n\n\n\n<p>Audiovisuales y fotograf\u00edas en pantalla, junto a sonido ambiente, completan la muestra.<\/p>\n\n\n\n<p>Este nuevo lugar espera convertirse en un punto de reuni\u00f3n para las familias baraderenses que se acercan diariamente a disfrutar de su costanera y para aquellos visitantes que recorren la ciudad y aprovechan este tipo de ofrecimientos.<\/p>\n\n\n\n<figure class=\"wp-block-image size-large\"><img decoding=\"async\" width=\"1024\" height=\"673\" data-attachment-id=\"99847\" data-permalink=\"https:\/\/eldiariodesanpedro.com.ar\/sitio\/se-creara-en-baradero-el-museo-sposito\/museo-sposito-croquis\/\" data-orig-file=\"https:\/\/eldiariodesanpedro.com.ar\/sitio\/wp-content\/uploads\/2021\/10\/MUSEO-SPOSITO-CROQUIS.jpg\" data-orig-size=\"2044,1344\" data-comments-opened=\"0\" data-image-meta=\"{&quot;aperture&quot;:&quot;0&quot;,&quot;credit&quot;:&quot;&quot;,&quot;camera&quot;:&quot;&quot;,&quot;caption&quot;:&quot;&quot;,&quot;created_timestamp&quot;:&quot;0&quot;,&quot;copyright&quot;:&quot;&quot;,&quot;focal_length&quot;:&quot;0&quot;,&quot;iso&quot;:&quot;0&quot;,&quot;shutter_speed&quot;:&quot;0&quot;,&quot;title&quot;:&quot;&quot;,&quot;orientation&quot;:&quot;0&quot;}\" data-image-title=\"MUSEO SP\u00d3SITO-CROQUIS\" data-image-description=\"\" data-image-caption=\"\" data-large-file=\"https:\/\/eldiariodesanpedro.com.ar\/sitio\/wp-content\/uploads\/2021\/10\/MUSEO-SPOSITO-CROQUIS-1024x673.jpg\" data-src=\"https:\/\/eldiariodesanpedro.com.ar\/sitio\/wp-content\/uploads\/2021\/10\/MUSEO-SPOSITO-CROQUIS-1024x673.jpg\" alt=\"\" class=\"wp-image-99847 lazyload\" data-srcset=\"https:\/\/eldiariodesanpedro.com.ar\/sitio\/wp-content\/uploads\/2021\/10\/MUSEO-SPOSITO-CROQUIS-1024x673.jpg 1024w, https:\/\/eldiariodesanpedro.com.ar\/sitio\/wp-content\/uploads\/2021\/10\/MUSEO-SPOSITO-CROQUIS-300x197.jpg 300w, https:\/\/eldiariodesanpedro.com.ar\/sitio\/wp-content\/uploads\/2021\/10\/MUSEO-SPOSITO-CROQUIS-768x505.jpg 768w, https:\/\/eldiariodesanpedro.com.ar\/sitio\/wp-content\/uploads\/2021\/10\/MUSEO-SPOSITO-CROQUIS-1536x1010.jpg 1536w, https:\/\/eldiariodesanpedro.com.ar\/sitio\/wp-content\/uploads\/2021\/10\/MUSEO-SPOSITO-CROQUIS.jpg 2044w\" data-sizes=\"(max-width: 1024px) 100vw, 1024px\" src=\"data:image\/svg+xml;base64,PHN2ZyB3aWR0aD0iMSIgaGVpZ2h0PSIxIiB4bWxucz0iaHR0cDovL3d3dy53My5vcmcvMjAwMC9zdmciPjwvc3ZnPg==\" style=\"--smush-placeholder-width: 1024px; --smush-placeholder-aspect-ratio: 1024\/673;\" \/><\/figure>\n\n\n\n<figure class=\"wp-block-image size-large\"><img decoding=\"async\" width=\"1024\" height=\"737\" data-attachment-id=\"99848\" data-permalink=\"https:\/\/eldiariodesanpedro.com.ar\/sitio\/se-creara-en-baradero-el-museo-sposito\/superior\/\" data-orig-file=\"https:\/\/eldiariodesanpedro.com.ar\/sitio\/wp-content\/uploads\/2021\/10\/SUPERIOR.png\" data-orig-size=\"1940,1396\" data-comments-opened=\"0\" data-image-meta=\"{&quot;aperture&quot;:&quot;0&quot;,&quot;credit&quot;:&quot;&quot;,&quot;camera&quot;:&quot;&quot;,&quot;caption&quot;:&quot;&quot;,&quot;created_timestamp&quot;:&quot;0&quot;,&quot;copyright&quot;:&quot;&quot;,&quot;focal_length&quot;:&quot;0&quot;,&quot;iso&quot;:&quot;0&quot;,&quot;shutter_speed&quot;:&quot;0&quot;,&quot;title&quot;:&quot;&quot;,&quot;orientation&quot;:&quot;0&quot;}\" data-image-title=\"SUPERIOR\" data-image-description=\"\" data-image-caption=\"\" data-large-file=\"https:\/\/eldiariodesanpedro.com.ar\/sitio\/wp-content\/uploads\/2021\/10\/SUPERIOR-1024x737.png\" data-src=\"https:\/\/eldiariodesanpedro.com.ar\/sitio\/wp-content\/uploads\/2021\/10\/SUPERIOR-1024x737.png\" alt=\"\" class=\"wp-image-99848 lazyload\" data-srcset=\"https:\/\/eldiariodesanpedro.com.ar\/sitio\/wp-content\/uploads\/2021\/10\/SUPERIOR-1024x737.png 1024w, https:\/\/eldiariodesanpedro.com.ar\/sitio\/wp-content\/uploads\/2021\/10\/SUPERIOR-300x216.png 300w, https:\/\/eldiariodesanpedro.com.ar\/sitio\/wp-content\/uploads\/2021\/10\/SUPERIOR-768x553.png 768w, https:\/\/eldiariodesanpedro.com.ar\/sitio\/wp-content\/uploads\/2021\/10\/SUPERIOR-1536x1105.png 1536w, https:\/\/eldiariodesanpedro.com.ar\/sitio\/wp-content\/uploads\/2021\/10\/SUPERIOR.png 1940w\" data-sizes=\"(max-width: 1024px) 100vw, 1024px\" src=\"data:image\/svg+xml;base64,PHN2ZyB3aWR0aD0iMSIgaGVpZ2h0PSIxIiB4bWxucz0iaHR0cDovL3d3dy53My5vcmcvMjAwMC9zdmciPjwvc3ZnPg==\" style=\"--smush-placeholder-width: 1024px; --smush-placeholder-aspect-ratio: 1024\/737;\" \/><\/figure>\n","protected":false},"excerpt":{"rendered":"<p>&nbsp;En los pr\u00f3ximos meses, Baradero contar\u00e1 con un nuevo atractivo tur\u00edstico-cultural que ser\u00e1 emplazado en su avenida costanera: el MUSEO SP\u00d3SITO. Esta decisi\u00f3n de la empresa tiene como finalidad la creaci\u00f3n de un espacio donde la sociedad, no s\u00f3lo pueda conocer la historia de una de las firmas con mayor trayectoria de Baradero, sino que [&hellip;]<\/p>\n","protected":false},"author":4,"featured_media":99846,"comment_status":"closed","ping_status":"closed","sticky":false,"template":"","format":"standard","meta":{"om_disable_all_campaigns":false,"_jetpack_memberships_contains_paid_content":false,"footnotes":""},"categories":[50,101,2],"tags":[197,696,33,19],"class_list":["post-99845","post","type-post","status-publish","format-standard","has-post-thumbnail","hentry","category-destacadas","category-interes-general-locales","category-locales","tag-buenos-aires","tag-interes-general","tag-locales","tag-san-pedro"],"aioseo_notices":[],"gutentor_comment":0,"jetpack_featured_media_url":"https:\/\/eldiariodesanpedro.com.ar\/sitio\/wp-content\/uploads\/2021\/10\/EXTERNA.png","jetpack_shortlink":"https:\/\/wp.me\/p6RhLt-pYp","jetpack_sharing_enabled":true,"_links":{"self":[{"href":"https:\/\/eldiariodesanpedro.com.ar\/sitio\/wp-json\/wp\/v2\/posts\/99845","targetHints":{"allow":["GET"]}}],"collection":[{"href":"https:\/\/eldiariodesanpedro.com.ar\/sitio\/wp-json\/wp\/v2\/posts"}],"about":[{"href":"https:\/\/eldiariodesanpedro.com.ar\/sitio\/wp-json\/wp\/v2\/types\/post"}],"author":[{"embeddable":true,"href":"https:\/\/eldiariodesanpedro.com.ar\/sitio\/wp-json\/wp\/v2\/users\/4"}],"replies":[{"embeddable":true,"href":"https:\/\/eldiariodesanpedro.com.ar\/sitio\/wp-json\/wp\/v2\/comments?post=99845"}],"version-history":[{"count":1,"href":"https:\/\/eldiariodesanpedro.com.ar\/sitio\/wp-json\/wp\/v2\/posts\/99845\/revisions"}],"predecessor-version":[{"id":99849,"href":"https:\/\/eldiariodesanpedro.com.ar\/sitio\/wp-json\/wp\/v2\/posts\/99845\/revisions\/99849"}],"wp:featuredmedia":[{"embeddable":true,"href":"https:\/\/eldiariodesanpedro.com.ar\/sitio\/wp-json\/wp\/v2\/media\/99846"}],"wp:attachment":[{"href":"https:\/\/eldiariodesanpedro.com.ar\/sitio\/wp-json\/wp\/v2\/media?parent=99845"}],"wp:term":[{"taxonomy":"category","embeddable":true,"href":"https:\/\/eldiariodesanpedro.com.ar\/sitio\/wp-json\/wp\/v2\/categories?post=99845"},{"taxonomy":"post_tag","embeddable":true,"href":"https:\/\/eldiariodesanpedro.com.ar\/sitio\/wp-json\/wp\/v2\/tags?post=99845"}],"curies":[{"name":"wp","href":"https:\/\/api.w.org\/{rel}","templated":true}]}}