{"id":9978,"date":"2016-11-09T19:26:38","date_gmt":"2016-11-09T22:26:38","guid":{"rendered":"https:\/\/eldiariodesanpedro.com.ar\/sitio\/?p=9978"},"modified":"2016-11-09T20:09:21","modified_gmt":"2016-11-09T23:09:21","slug":"tres-hombres-murieron-tras-ceder-una-obra-en-construccion-en-campana","status":"publish","type":"post","link":"https:\/\/eldiariodesanpedro.com.ar\/sitio\/tres-hombres-murieron-tras-ceder-una-obra-en-construccion-en-campana\/","title":{"rendered":"Tres hombres murieron tras ceder una obra en construcci\u00f3n en Campana"},"content":{"rendered":"<p><!-- VideographyWP Plugin Message: Automatic video embedding prevented by plugin options. --><br \/>\nAl menos tres obreros murieron el martes por la tarde cuando se produjo un derrumbe en una obra en construcci\u00f3n en la ciudad bonaerense de Campana, mientras sigue la b\u00fasqueda ante la posibilidad de que haya otros trabajadores atrapados entre los escombros, informaron hoy fuentes de los bomberos locales.<\/p>\n<p>\u201cAl menos hay tres hombres fallecidos\u201d, confirmaron los voceros. El hecho se produjo alrededor de las 15.20 en una obra en construcci\u00f3n ubicada en avenida Agust\u00edn Rocca al 200, en pleno centro de la ciudad de Campana.<\/p>\n<p>\u201cCedi\u00f3 parte de la estructura cuando los obreros llevaban un encofrado con hormig\u00f3n\u201d, aseveraron fuentes municipales.<\/p>\n<p>La misma fuente dijo que se mont\u00f3 un operativo en el lugar para rescatar a los trabajadores, en el que participan integrantes del grupo K9 asistidos por perros rastreadores, bomberos, polic\u00edas y personal de Defensa Civil local.<\/p>\n<p><strong>\u00abSe podr\u00eda haber evitado\u201d<\/strong><\/p>\n<p>El secretario de Planeamiento, Sergio Agostinelli, junto al director de Defensa Civil, Osvaldo Alday, brindaron detalles de lo ocurrido el martes. Confirmaron que la obra cuenta con los planos y permisos aprobados, aunque reconocieron que la misma estuvo clausurada un tiempo. Hasta el momento, el Municipio no tuvo contacto con la empresa a cargo de la construcci\u00f3n.<\/p>\n<p>En rueda de prensa, autoridades municipales sumaron detalles al tr\u00e1gico episodio que se cobr\u00f3 la vida de tres trabajadores. Sergio Agostinelli y Osvaldo Alday fueron las voces autorizadas a dialogar con la prensa. \u201cLos expedientes est\u00e1n en orden. La Secretar\u00eda actu\u00f3 de acuerdo a lo que fija el C\u00f3digo de Planeamiento y Planificaci\u00f3n vigente. Cuenta con planos de demolici\u00f3n y de ejecuci\u00f3n. Es una obra privada, y es distinta la responsabilidad que tiene el Municipio en relaci\u00f3n con lo que es una obra p\u00fablica\u201d, sintetiz\u00f3 el responsable de la cartera de Obras municipal.<\/p>\n<p>Seg\u00fan explic\u00f3, el lugar donde ocurri\u00f3 el hecho se divide en dos parcelas, lo que origin\u00f3 un total de cuatro expedientes: dos por demolici\u00f3n y otros tantos por la construcci\u00f3n en s\u00ed. \u201cLa Justicia est\u00e1 interviniendo, solicitando los expedientes\u201d, agreg\u00f3 el funcionario, quien no quiso brindar mayores precisiones para no interferir con la causa \u201cy ser cauteloso\u201d. Sin embargo, Agostinelli se permiti\u00f3 dar una reflexi\u00f3n como profesional: \u201cMe pone realmente mal cuando se pueden evitar las cosas\u2026 El dibujo de c\u00f3mo qued\u00f3 la estructura me hace pensar que se podr\u00eda haber evitado\u201d.<\/p>\n<p>Tambi\u00e9n admiti\u00f3 que hasta el momento, el Municipio \u201cno tuvo contacto con la empresa\u201d. No obstante, otra de las pol\u00e9micas surgidas tuvo que ver con la existencia o no de un cartel de obra con el nombre del profesional responsable, el cual seg\u00fan la reglamentaci\u00f3n vigente debe exhibirse p\u00fablicamente. \u201cExist\u00eda, pero no s\u00e9 ad\u00f3nde fue a parar en este problema\u201d, asegur\u00f3 el secretario Agostinelli, quien adem\u00e1s respondi\u00f3 sobre distintas denuncias y reclamos anteriores relacionados con el vuelco de restos de cemento en el cord\u00f3n cuneta, y da\u00f1os en la red de gas natural durante la construcci\u00f3n: \u201cEst\u00e1n en el expediente las actuaciones del Municipio. La obra estuvo clausurada un tiempo\u201d, reconoci\u00f3.<\/p>\n<p>Finalmente, Osvaldo Alday de Defensa Civil relat\u00f3 el accionar de la fuerza, conformada por seis operadores y un jefe operativo, la cual articul\u00f3 con Bomberos, Polic\u00eda, la Brigada K9 de b\u00fasqueda de personas, tr\u00e1nsito y el equipo de Obras P\u00fablicas. Asimismo, explic\u00f3 que los perros de b\u00fasqueda marcaron la misma zona que los rescatistas se\u00f1alaban como el lugar donde se encontraban las v\u00edctimas.<\/p>\n<p>En este sentido, no pudo confirmar si hubo contacto con alguna de las v\u00edctimas por parte del cuerpo de b\u00fasqueda. Tambi\u00e9n se\u00f1al\u00f3 que durante la intervenci\u00f3n, \u201cno hubo un referente de la obra en ning\u00fan momento\u201d, aclarando que el personal se referenciaba con los obreros.<\/p>\n<p>Tras mostrarse satisfecho con el tiempo de respuesta (se estima que Bomberos llegaron en unos tres minutos), coment\u00f3 que finalizado el rescate de los cuerpos, el personal inspeccion\u00f3 grietas y rajaduras que pudieran aparecer en construcciones vecinas. Por \u00faltimo, anticip\u00f3 que pedir\u00e1n a Defensa Civil de la Provincia la presencia de especialistas para verificar posibles da\u00f1os estructurales en dichos comercios y viviendas linderas, y garantizar la seguridad en el lugar. <\/p>\n","protected":false},"excerpt":{"rendered":"<p>Al menos tres obreros murieron el martes por la tarde cuando se produjo un derrumbe en una obra en construcci\u00f3n en la ciudad bonaerense de Campana, mientras sigue la b\u00fasqueda ante la posibilidad de que haya otros trabajadores atrapados entre los escombros, informaron hoy fuentes de los bomberos locales. \u201cAl menos hay tres hombres fallecidos\u201d, [&hellip;]<\/p>\n","protected":false},"author":4,"featured_media":9980,"comment_status":"open","ping_status":"closed","sticky":false,"template":"","format":"standard","meta":{"om_disable_all_campaigns":false,"_jetpack_memberships_contains_paid_content":false,"footnotes":""},"categories":[621],"tags":[],"class_list":["post-9978","post","type-post","status-publish","format-standard","has-post-thumbnail","hentry","category-regionales"],"aioseo_notices":[],"gutentor_comment":0,"jetpack_featured_media_url":"https:\/\/eldiariodesanpedro.com.ar\/sitio\/wp-content\/uploads\/2016\/11\/derrumbe-construccion-campana.jpg","jetpack_shortlink":"https:\/\/wp.me\/p6RhLt-2AW","jetpack_sharing_enabled":true,"_links":{"self":[{"href":"https:\/\/eldiariodesanpedro.com.ar\/sitio\/wp-json\/wp\/v2\/posts\/9978","targetHints":{"allow":["GET"]}}],"collection":[{"href":"https:\/\/eldiariodesanpedro.com.ar\/sitio\/wp-json\/wp\/v2\/posts"}],"about":[{"href":"https:\/\/eldiariodesanpedro.com.ar\/sitio\/wp-json\/wp\/v2\/types\/post"}],"author":[{"embeddable":true,"href":"https:\/\/eldiariodesanpedro.com.ar\/sitio\/wp-json\/wp\/v2\/users\/4"}],"replies":[{"embeddable":true,"href":"https:\/\/eldiariodesanpedro.com.ar\/sitio\/wp-json\/wp\/v2\/comments?post=9978"}],"version-history":[{"count":4,"href":"https:\/\/eldiariodesanpedro.com.ar\/sitio\/wp-json\/wp\/v2\/posts\/9978\/revisions"}],"predecessor-version":[{"id":9984,"href":"https:\/\/eldiariodesanpedro.com.ar\/sitio\/wp-json\/wp\/v2\/posts\/9978\/revisions\/9984"}],"wp:featuredmedia":[{"embeddable":true,"href":"https:\/\/eldiariodesanpedro.com.ar\/sitio\/wp-json\/wp\/v2\/media\/9980"}],"wp:attachment":[{"href":"https:\/\/eldiariodesanpedro.com.ar\/sitio\/wp-json\/wp\/v2\/media?parent=9978"}],"wp:term":[{"taxonomy":"category","embeddable":true,"href":"https:\/\/eldiariodesanpedro.com.ar\/sitio\/wp-json\/wp\/v2\/categories?post=9978"},{"taxonomy":"post_tag","embeddable":true,"href":"https:\/\/eldiariodesanpedro.com.ar\/sitio\/wp-json\/wp\/v2\/tags?post=9978"}],"curies":[{"name":"wp","href":"https:\/\/api.w.org\/{rel}","templated":true}]}}