{"id":99774,"date":"2021-09-30T09:34:17","date_gmt":"2021-09-30T12:34:17","guid":{"rendered":"https:\/\/eldiariodesanpedro.com.ar\/sitio\/?p=99774"},"modified":"2021-09-30T09:34:23","modified_gmt":"2021-09-30T12:34:23","slug":"anses-calendario-de-pagos-completo-del-mes-de-octubre","status":"publish","type":"post","link":"https:\/\/eldiariodesanpedro.com.ar\/sitio\/anses-calendario-de-pagos-completo-del-mes-de-octubre\/","title":{"rendered":"ANSES: Calendario de pagos completo del mes de Octubre"},"content":{"rendered":"<!-- VideographyWP Plugin Message: Automatic video embedding prevented by plugin options. -->\n\n<p>La ANSES, organismo a cargo de la Lic. Fernanda Raverta, informa el calendario de pagos del mes de\u00a0octubre\u00a0para jubilados, jubiladas, pensionados y pensionadas, Pensiones No Contributivas, titulares de la Asignaci\u00f3n Universal por Hijo y la Asignaci\u00f3n por Embarazo, Asignaciones Familiares y de Pago \u00danico (Matrimonio, Nacimiento y Adopci\u00f3n) y Prestaci\u00f3n por Desempleo.<\/p>\n\n\n\n<figure class=\"wp-block-image size-full\"><img decoding=\"async\" width=\"890\" height=\"200\" data-attachment-id=\"99783\" data-permalink=\"https:\/\/eldiariodesanpedro.com.ar\/sitio\/anses-calendario-de-pagos-completo-del-mes-de-octubre\/prestacion-por-desempleo\/\" data-orig-file=\"https:\/\/eldiariodesanpedro.com.ar\/sitio\/wp-content\/uploads\/2021\/09\/Prestacion-por-Desempleo.jpg\" data-orig-size=\"890,200\" data-comments-opened=\"0\" data-image-meta=\"{&quot;aperture&quot;:&quot;0&quot;,&quot;credit&quot;:&quot;&quot;,&quot;camera&quot;:&quot;&quot;,&quot;caption&quot;:&quot;&quot;,&quot;created_timestamp&quot;:&quot;0&quot;,&quot;copyright&quot;:&quot;&quot;,&quot;focal_length&quot;:&quot;0&quot;,&quot;iso&quot;:&quot;0&quot;,&quot;shutter_speed&quot;:&quot;0&quot;,&quot;title&quot;:&quot;&quot;,&quot;orientation&quot;:&quot;0&quot;}\" data-image-title=\"Prestaci\u00f3n por Desempleo\" data-image-description=\"\" data-image-caption=\"\" data-large-file=\"https:\/\/eldiariodesanpedro.com.ar\/sitio\/wp-content\/uploads\/2021\/09\/Prestacion-por-Desempleo.jpg\" data-src=\"https:\/\/eldiariodesanpedro.com.ar\/sitio\/wp-content\/uploads\/2021\/09\/Prestacion-por-Desempleo.jpg\" alt=\"\" class=\"wp-image-99783 lazyload\" data-srcset=\"https:\/\/eldiariodesanpedro.com.ar\/sitio\/wp-content\/uploads\/2021\/09\/Prestacion-por-Desempleo.jpg 890w, https:\/\/eldiariodesanpedro.com.ar\/sitio\/wp-content\/uploads\/2021\/09\/Prestacion-por-Desempleo-300x67.jpg 300w, https:\/\/eldiariodesanpedro.com.ar\/sitio\/wp-content\/uploads\/2021\/09\/Prestacion-por-Desempleo-768x173.jpg 768w\" data-sizes=\"(max-width: 890px) 100vw, 890px\" src=\"data:image\/svg+xml;base64,PHN2ZyB3aWR0aD0iMSIgaGVpZ2h0PSIxIiB4bWxucz0iaHR0cDovL3d3dy53My5vcmcvMjAwMC9zdmciPjwvc3ZnPg==\" style=\"--smush-placeholder-width: 890px; --smush-placeholder-aspect-ratio: 890\/200;\" \/><\/figure>\n\n\n\n<figure class=\"wp-block-image size-full\"><img decoding=\"async\" width=\"890\" height=\"200\" data-attachment-id=\"99782\" data-permalink=\"https:\/\/eldiariodesanpedro.com.ar\/sitio\/anses-calendario-de-pagos-completo-del-mes-de-octubre\/pensiones-no-contributivas\/\" data-orig-file=\"https:\/\/eldiariodesanpedro.com.ar\/sitio\/wp-content\/uploads\/2021\/09\/Pensiones-No-Contributivas.jpg\" data-orig-size=\"890,200\" data-comments-opened=\"0\" data-image-meta=\"{&quot;aperture&quot;:&quot;0&quot;,&quot;credit&quot;:&quot;&quot;,&quot;camera&quot;:&quot;&quot;,&quot;caption&quot;:&quot;&quot;,&quot;created_timestamp&quot;:&quot;0&quot;,&quot;copyright&quot;:&quot;&quot;,&quot;focal_length&quot;:&quot;0&quot;,&quot;iso&quot;:&quot;0&quot;,&quot;shutter_speed&quot;:&quot;0&quot;,&quot;title&quot;:&quot;&quot;,&quot;orientation&quot;:&quot;0&quot;}\" data-image-title=\"Pensiones No Contributivas\" data-image-description=\"\" data-image-caption=\"\" data-large-file=\"https:\/\/eldiariodesanpedro.com.ar\/sitio\/wp-content\/uploads\/2021\/09\/Pensiones-No-Contributivas.jpg\" data-src=\"https:\/\/eldiariodesanpedro.com.ar\/sitio\/wp-content\/uploads\/2021\/09\/Pensiones-No-Contributivas.jpg\" alt=\"\" class=\"wp-image-99782 lazyload\" data-srcset=\"https:\/\/eldiariodesanpedro.com.ar\/sitio\/wp-content\/uploads\/2021\/09\/Pensiones-No-Contributivas.jpg 890w, https:\/\/eldiariodesanpedro.com.ar\/sitio\/wp-content\/uploads\/2021\/09\/Pensiones-No-Contributivas-300x67.jpg 300w, https:\/\/eldiariodesanpedro.com.ar\/sitio\/wp-content\/uploads\/2021\/09\/Pensiones-No-Contributivas-768x173.jpg 768w\" data-sizes=\"(max-width: 890px) 100vw, 890px\" src=\"data:image\/svg+xml;base64,PHN2ZyB3aWR0aD0iMSIgaGVpZ2h0PSIxIiB4bWxucz0iaHR0cDovL3d3dy53My5vcmcvMjAwMC9zdmciPjwvc3ZnPg==\" style=\"--smush-placeholder-width: 890px; --smush-placeholder-aspect-ratio: 890\/200;\" \/><\/figure>\n\n\n\n<figure class=\"wp-block-image size-full\"><img decoding=\"async\" width=\"890\" height=\"200\" data-attachment-id=\"99781\" data-permalink=\"https:\/\/eldiariodesanpedro.com.ar\/sitio\/anses-calendario-de-pagos-completo-del-mes-de-octubre\/jubilaciones-y-pensiones-superan\/\" data-orig-file=\"https:\/\/eldiariodesanpedro.com.ar\/sitio\/wp-content\/uploads\/2021\/09\/Jubilaciones-y-pensiones-SUPERAN.jpg\" data-orig-size=\"890,200\" data-comments-opened=\"0\" data-image-meta=\"{&quot;aperture&quot;:&quot;0&quot;,&quot;credit&quot;:&quot;&quot;,&quot;camera&quot;:&quot;&quot;,&quot;caption&quot;:&quot;&quot;,&quot;created_timestamp&quot;:&quot;0&quot;,&quot;copyright&quot;:&quot;&quot;,&quot;focal_length&quot;:&quot;0&quot;,&quot;iso&quot;:&quot;0&quot;,&quot;shutter_speed&quot;:&quot;0&quot;,&quot;title&quot;:&quot;&quot;,&quot;orientation&quot;:&quot;0&quot;}\" data-image-title=\"Jubilaciones y pensiones SUPERAN\" data-image-description=\"\" data-image-caption=\"\" data-large-file=\"https:\/\/eldiariodesanpedro.com.ar\/sitio\/wp-content\/uploads\/2021\/09\/Jubilaciones-y-pensiones-SUPERAN.jpg\" data-src=\"https:\/\/eldiariodesanpedro.com.ar\/sitio\/wp-content\/uploads\/2021\/09\/Jubilaciones-y-pensiones-SUPERAN.jpg\" alt=\"\" class=\"wp-image-99781 lazyload\" data-srcset=\"https:\/\/eldiariodesanpedro.com.ar\/sitio\/wp-content\/uploads\/2021\/09\/Jubilaciones-y-pensiones-SUPERAN.jpg 890w, https:\/\/eldiariodesanpedro.com.ar\/sitio\/wp-content\/uploads\/2021\/09\/Jubilaciones-y-pensiones-SUPERAN-300x67.jpg 300w, https:\/\/eldiariodesanpedro.com.ar\/sitio\/wp-content\/uploads\/2021\/09\/Jubilaciones-y-pensiones-SUPERAN-768x173.jpg 768w\" data-sizes=\"(max-width: 890px) 100vw, 890px\" src=\"data:image\/svg+xml;base64,PHN2ZyB3aWR0aD0iMSIgaGVpZ2h0PSIxIiB4bWxucz0iaHR0cDovL3d3dy53My5vcmcvMjAwMC9zdmciPjwvc3ZnPg==\" style=\"--smush-placeholder-width: 890px; --smush-placeholder-aspect-ratio: 890\/200;\" \/><\/figure>\n\n\n\n<figure class=\"wp-block-image size-full\"><img decoding=\"async\" width=\"890\" height=\"200\" data-attachment-id=\"99780\" data-permalink=\"https:\/\/eldiariodesanpedro.com.ar\/sitio\/anses-calendario-de-pagos-completo-del-mes-de-octubre\/jubilaciones-y-pensiones-no-superan\/\" data-orig-file=\"https:\/\/eldiariodesanpedro.com.ar\/sitio\/wp-content\/uploads\/2021\/09\/Jubilaciones-y-pensiones-NO-SUPERAN.jpg\" data-orig-size=\"890,200\" data-comments-opened=\"0\" data-image-meta=\"{&quot;aperture&quot;:&quot;0&quot;,&quot;credit&quot;:&quot;&quot;,&quot;camera&quot;:&quot;&quot;,&quot;caption&quot;:&quot;&quot;,&quot;created_timestamp&quot;:&quot;0&quot;,&quot;copyright&quot;:&quot;&quot;,&quot;focal_length&quot;:&quot;0&quot;,&quot;iso&quot;:&quot;0&quot;,&quot;shutter_speed&quot;:&quot;0&quot;,&quot;title&quot;:&quot;&quot;,&quot;orientation&quot;:&quot;0&quot;}\" data-image-title=\"Jubilaciones y pensiones NO SUPERAN\" data-image-description=\"\" data-image-caption=\"\" data-large-file=\"https:\/\/eldiariodesanpedro.com.ar\/sitio\/wp-content\/uploads\/2021\/09\/Jubilaciones-y-pensiones-NO-SUPERAN.jpg\" data-src=\"https:\/\/eldiariodesanpedro.com.ar\/sitio\/wp-content\/uploads\/2021\/09\/Jubilaciones-y-pensiones-NO-SUPERAN.jpg\" alt=\"\" class=\"wp-image-99780 lazyload\" data-srcset=\"https:\/\/eldiariodesanpedro.com.ar\/sitio\/wp-content\/uploads\/2021\/09\/Jubilaciones-y-pensiones-NO-SUPERAN.jpg 890w, https:\/\/eldiariodesanpedro.com.ar\/sitio\/wp-content\/uploads\/2021\/09\/Jubilaciones-y-pensiones-NO-SUPERAN-300x67.jpg 300w, https:\/\/eldiariodesanpedro.com.ar\/sitio\/wp-content\/uploads\/2021\/09\/Jubilaciones-y-pensiones-NO-SUPERAN-768x173.jpg 768w\" data-sizes=\"(max-width: 890px) 100vw, 890px\" src=\"data:image\/svg+xml;base64,PHN2ZyB3aWR0aD0iMSIgaGVpZ2h0PSIxIiB4bWxucz0iaHR0cDovL3d3dy53My5vcmcvMjAwMC9zdmciPjwvc3ZnPg==\" style=\"--smush-placeholder-width: 890px; --smush-placeholder-aspect-ratio: 890\/200;\" \/><\/figure>\n\n\n\n<figure class=\"wp-block-image size-full\"><img decoding=\"async\" width=\"890\" height=\"200\" data-attachment-id=\"99779\" data-permalink=\"https:\/\/eldiariodesanpedro.com.ar\/sitio\/anses-calendario-de-pagos-completo-del-mes-de-octubre\/asignaciones-por-prenatal-y-maternidad\/\" data-orig-file=\"https:\/\/eldiariodesanpedro.com.ar\/sitio\/wp-content\/uploads\/2021\/09\/Asignaciones-por-Prenatal-y-Maternidad.jpg\" data-orig-size=\"890,200\" data-comments-opened=\"0\" data-image-meta=\"{&quot;aperture&quot;:&quot;0&quot;,&quot;credit&quot;:&quot;&quot;,&quot;camera&quot;:&quot;&quot;,&quot;caption&quot;:&quot;&quot;,&quot;created_timestamp&quot;:&quot;0&quot;,&quot;copyright&quot;:&quot;&quot;,&quot;focal_length&quot;:&quot;0&quot;,&quot;iso&quot;:&quot;0&quot;,&quot;shutter_speed&quot;:&quot;0&quot;,&quot;title&quot;:&quot;&quot;,&quot;orientation&quot;:&quot;0&quot;}\" data-image-title=\"Asignaciones por Prenatal y Maternidad\" data-image-description=\"\" data-image-caption=\"\" data-large-file=\"https:\/\/eldiariodesanpedro.com.ar\/sitio\/wp-content\/uploads\/2021\/09\/Asignaciones-por-Prenatal-y-Maternidad.jpg\" data-src=\"https:\/\/eldiariodesanpedro.com.ar\/sitio\/wp-content\/uploads\/2021\/09\/Asignaciones-por-Prenatal-y-Maternidad.jpg\" alt=\"\" class=\"wp-image-99779 lazyload\" data-srcset=\"https:\/\/eldiariodesanpedro.com.ar\/sitio\/wp-content\/uploads\/2021\/09\/Asignaciones-por-Prenatal-y-Maternidad.jpg 890w, https:\/\/eldiariodesanpedro.com.ar\/sitio\/wp-content\/uploads\/2021\/09\/Asignaciones-por-Prenatal-y-Maternidad-300x67.jpg 300w, https:\/\/eldiariodesanpedro.com.ar\/sitio\/wp-content\/uploads\/2021\/09\/Asignaciones-por-Prenatal-y-Maternidad-768x173.jpg 768w\" data-sizes=\"(max-width: 890px) 100vw, 890px\" src=\"data:image\/svg+xml;base64,PHN2ZyB3aWR0aD0iMSIgaGVpZ2h0PSIxIiB4bWxucz0iaHR0cDovL3d3dy53My5vcmcvMjAwMC9zdmciPjwvc3ZnPg==\" style=\"--smush-placeholder-width: 890px; --smush-placeholder-aspect-ratio: 890\/200;\" \/><\/figure>\n\n\n\n<figure class=\"wp-block-image size-full\"><img decoding=\"async\" width=\"890\" height=\"200\" data-attachment-id=\"99778\" data-permalink=\"https:\/\/eldiariodesanpedro.com.ar\/sitio\/anses-calendario-de-pagos-completo-del-mes-de-octubre\/asignaciones-de-pnc\/\" data-orig-file=\"https:\/\/eldiariodesanpedro.com.ar\/sitio\/wp-content\/uploads\/2021\/09\/Asignaciones-de-PNC.jpg\" data-orig-size=\"890,200\" data-comments-opened=\"0\" data-image-meta=\"{&quot;aperture&quot;:&quot;0&quot;,&quot;credit&quot;:&quot;&quot;,&quot;camera&quot;:&quot;&quot;,&quot;caption&quot;:&quot;&quot;,&quot;created_timestamp&quot;:&quot;0&quot;,&quot;copyright&quot;:&quot;&quot;,&quot;focal_length&quot;:&quot;0&quot;,&quot;iso&quot;:&quot;0&quot;,&quot;shutter_speed&quot;:&quot;0&quot;,&quot;title&quot;:&quot;&quot;,&quot;orientation&quot;:&quot;0&quot;}\" data-image-title=\"Asignaciones de PNC\" data-image-description=\"\" data-image-caption=\"\" data-large-file=\"https:\/\/eldiariodesanpedro.com.ar\/sitio\/wp-content\/uploads\/2021\/09\/Asignaciones-de-PNC.jpg\" data-src=\"https:\/\/eldiariodesanpedro.com.ar\/sitio\/wp-content\/uploads\/2021\/09\/Asignaciones-de-PNC.jpg\" alt=\"\" class=\"wp-image-99778 lazyload\" data-srcset=\"https:\/\/eldiariodesanpedro.com.ar\/sitio\/wp-content\/uploads\/2021\/09\/Asignaciones-de-PNC.jpg 890w, https:\/\/eldiariodesanpedro.com.ar\/sitio\/wp-content\/uploads\/2021\/09\/Asignaciones-de-PNC-300x67.jpg 300w, https:\/\/eldiariodesanpedro.com.ar\/sitio\/wp-content\/uploads\/2021\/09\/Asignaciones-de-PNC-768x173.jpg 768w\" data-sizes=\"(max-width: 890px) 100vw, 890px\" src=\"data:image\/svg+xml;base64,PHN2ZyB3aWR0aD0iMSIgaGVpZ2h0PSIxIiB4bWxucz0iaHR0cDovL3d3dy53My5vcmcvMjAwMC9zdmciPjwvc3ZnPg==\" style=\"--smush-placeholder-width: 890px; --smush-placeholder-aspect-ratio: 890\/200;\" \/><\/figure>\n\n\n\n<figure class=\"wp-block-image size-full\"><img decoding=\"async\" width=\"890\" height=\"200\" data-attachment-id=\"99777\" data-permalink=\"https:\/\/eldiariodesanpedro.com.ar\/sitio\/anses-calendario-de-pagos-completo-del-mes-de-octubre\/asignaciones-de-pago-unico\/\" data-orig-file=\"https:\/\/eldiariodesanpedro.com.ar\/sitio\/wp-content\/uploads\/2021\/09\/Asignaciones-de-Pago-Unico.jpg\" data-orig-size=\"890,200\" data-comments-opened=\"0\" data-image-meta=\"{&quot;aperture&quot;:&quot;0&quot;,&quot;credit&quot;:&quot;&quot;,&quot;camera&quot;:&quot;&quot;,&quot;caption&quot;:&quot;&quot;,&quot;created_timestamp&quot;:&quot;0&quot;,&quot;copyright&quot;:&quot;&quot;,&quot;focal_length&quot;:&quot;0&quot;,&quot;iso&quot;:&quot;0&quot;,&quot;shutter_speed&quot;:&quot;0&quot;,&quot;title&quot;:&quot;&quot;,&quot;orientation&quot;:&quot;0&quot;}\" data-image-title=\"Asignaciones de Pago \u00danico\" data-image-description=\"\" data-image-caption=\"\" data-large-file=\"https:\/\/eldiariodesanpedro.com.ar\/sitio\/wp-content\/uploads\/2021\/09\/Asignaciones-de-Pago-Unico.jpg\" data-src=\"https:\/\/eldiariodesanpedro.com.ar\/sitio\/wp-content\/uploads\/2021\/09\/Asignaciones-de-Pago-Unico.jpg\" alt=\"\" class=\"wp-image-99777 lazyload\" data-srcset=\"https:\/\/eldiariodesanpedro.com.ar\/sitio\/wp-content\/uploads\/2021\/09\/Asignaciones-de-Pago-Unico.jpg 890w, https:\/\/eldiariodesanpedro.com.ar\/sitio\/wp-content\/uploads\/2021\/09\/Asignaciones-de-Pago-Unico-300x67.jpg 300w, https:\/\/eldiariodesanpedro.com.ar\/sitio\/wp-content\/uploads\/2021\/09\/Asignaciones-de-Pago-Unico-768x173.jpg 768w\" data-sizes=\"(max-width: 890px) 100vw, 890px\" src=\"data:image\/svg+xml;base64,PHN2ZyB3aWR0aD0iMSIgaGVpZ2h0PSIxIiB4bWxucz0iaHR0cDovL3d3dy53My5vcmcvMjAwMC9zdmciPjwvc3ZnPg==\" style=\"--smush-placeholder-width: 890px; --smush-placeholder-aspect-ratio: 890\/200;\" \/><\/figure>\n\n\n\n<figure class=\"wp-block-image size-full\"><img decoding=\"async\" width=\"890\" height=\"200\" data-attachment-id=\"99776\" data-permalink=\"https:\/\/eldiariodesanpedro.com.ar\/sitio\/anses-calendario-de-pagos-completo-del-mes-de-octubre\/asignacion-universal-por-hijo-y-asignacion-familiar-por-hijo\/\" data-orig-file=\"https:\/\/eldiariodesanpedro.com.ar\/sitio\/wp-content\/uploads\/2021\/09\/Asignacion-Universal-por-Hijo-y-Asignacion-Familiar-por-Hijo.jpg\" data-orig-size=\"890,200\" data-comments-opened=\"0\" data-image-meta=\"{&quot;aperture&quot;:&quot;0&quot;,&quot;credit&quot;:&quot;&quot;,&quot;camera&quot;:&quot;&quot;,&quot;caption&quot;:&quot;&quot;,&quot;created_timestamp&quot;:&quot;0&quot;,&quot;copyright&quot;:&quot;&quot;,&quot;focal_length&quot;:&quot;0&quot;,&quot;iso&quot;:&quot;0&quot;,&quot;shutter_speed&quot;:&quot;0&quot;,&quot;title&quot;:&quot;&quot;,&quot;orientation&quot;:&quot;0&quot;}\" data-image-title=\"Asignaci\u00f3n Universal por Hijo y Asignaci\u00f3n Familiar por Hijo\" data-image-description=\"\" data-image-caption=\"\" data-large-file=\"https:\/\/eldiariodesanpedro.com.ar\/sitio\/wp-content\/uploads\/2021\/09\/Asignacion-Universal-por-Hijo-y-Asignacion-Familiar-por-Hijo.jpg\" data-src=\"https:\/\/eldiariodesanpedro.com.ar\/sitio\/wp-content\/uploads\/2021\/09\/Asignacion-Universal-por-Hijo-y-Asignacion-Familiar-por-Hijo.jpg\" alt=\"\" class=\"wp-image-99776 lazyload\" data-srcset=\"https:\/\/eldiariodesanpedro.com.ar\/sitio\/wp-content\/uploads\/2021\/09\/Asignacion-Universal-por-Hijo-y-Asignacion-Familiar-por-Hijo.jpg 890w, https:\/\/eldiariodesanpedro.com.ar\/sitio\/wp-content\/uploads\/2021\/09\/Asignacion-Universal-por-Hijo-y-Asignacion-Familiar-por-Hijo-300x67.jpg 300w, https:\/\/eldiariodesanpedro.com.ar\/sitio\/wp-content\/uploads\/2021\/09\/Asignacion-Universal-por-Hijo-y-Asignacion-Familiar-por-Hijo-768x173.jpg 768w\" data-sizes=\"(max-width: 890px) 100vw, 890px\" src=\"data:image\/svg+xml;base64,PHN2ZyB3aWR0aD0iMSIgaGVpZ2h0PSIxIiB4bWxucz0iaHR0cDovL3d3dy53My5vcmcvMjAwMC9zdmciPjwvc3ZnPg==\" style=\"--smush-placeholder-width: 890px; --smush-placeholder-aspect-ratio: 890\/200;\" \/><\/figure>\n\n\n\n<figure class=\"wp-block-image size-full\"><img decoding=\"async\" width=\"890\" height=\"200\" data-attachment-id=\"99775\" data-permalink=\"https:\/\/eldiariodesanpedro.com.ar\/sitio\/anses-calendario-de-pagos-completo-del-mes-de-octubre\/asignacion-por-embarazo\/\" data-orig-file=\"https:\/\/eldiariodesanpedro.com.ar\/sitio\/wp-content\/uploads\/2021\/09\/Asignacion-por-Embarazo.jpg\" data-orig-size=\"890,200\" data-comments-opened=\"0\" data-image-meta=\"{&quot;aperture&quot;:&quot;0&quot;,&quot;credit&quot;:&quot;&quot;,&quot;camera&quot;:&quot;&quot;,&quot;caption&quot;:&quot;&quot;,&quot;created_timestamp&quot;:&quot;0&quot;,&quot;copyright&quot;:&quot;&quot;,&quot;focal_length&quot;:&quot;0&quot;,&quot;iso&quot;:&quot;0&quot;,&quot;shutter_speed&quot;:&quot;0&quot;,&quot;title&quot;:&quot;&quot;,&quot;orientation&quot;:&quot;0&quot;}\" data-image-title=\"Asignaci\u00f3n por Embarazo\" data-image-description=\"\" data-image-caption=\"\" data-large-file=\"https:\/\/eldiariodesanpedro.com.ar\/sitio\/wp-content\/uploads\/2021\/09\/Asignacion-por-Embarazo.jpg\" data-src=\"https:\/\/eldiariodesanpedro.com.ar\/sitio\/wp-content\/uploads\/2021\/09\/Asignacion-por-Embarazo.jpg\" alt=\"\" class=\"wp-image-99775 lazyload\" data-srcset=\"https:\/\/eldiariodesanpedro.com.ar\/sitio\/wp-content\/uploads\/2021\/09\/Asignacion-por-Embarazo.jpg 890w, https:\/\/eldiariodesanpedro.com.ar\/sitio\/wp-content\/uploads\/2021\/09\/Asignacion-por-Embarazo-300x67.jpg 300w, https:\/\/eldiariodesanpedro.com.ar\/sitio\/wp-content\/uploads\/2021\/09\/Asignacion-por-Embarazo-768x173.jpg 768w\" data-sizes=\"(max-width: 890px) 100vw, 890px\" src=\"data:image\/svg+xml;base64,PHN2ZyB3aWR0aD0iMSIgaGVpZ2h0PSIxIiB4bWxucz0iaHR0cDovL3d3dy53My5vcmcvMjAwMC9zdmciPjwvc3ZnPg==\" style=\"--smush-placeholder-width: 890px; --smush-placeholder-aspect-ratio: 890\/200;\" \/><\/figure>\n","protected":false},"excerpt":{"rendered":"<p>La ANSES, organismo a cargo de la Lic. Fernanda Raverta, informa el calendario de pagos del mes de\u00a0octubre\u00a0para jubilados, jubiladas, pensionados y pensionadas, Pensiones No Contributivas, titulares de la Asignaci\u00f3n Universal por Hijo y la Asignaci\u00f3n por Embarazo, Asignaciones Familiares y de Pago \u00danico (Matrimonio, Nacimiento y Adopci\u00f3n) y Prestaci\u00f3n por Desempleo.<\/p>\n","protected":false},"author":4,"featured_media":70785,"comment_status":"closed","ping_status":"closed","sticky":false,"template":"","format":"standard","meta":{"om_disable_all_campaigns":false,"_jetpack_memberships_contains_paid_content":false,"footnotes":""},"categories":[101,2],"tags":[602,197,696,33,19],"class_list":["post-99774","post","type-post","status-publish","format-standard","has-post-thumbnail","hentry","category-interes-general-locales","category-locales","tag-anses","tag-buenos-aires","tag-interes-general","tag-locales","tag-san-pedro"],"aioseo_notices":[],"gutentor_comment":0,"jetpack_featured_media_url":"https:\/\/eldiariodesanpedro.com.ar\/sitio\/wp-content\/uploads\/2020\/03\/anses-nuevo-640x480-1.png","jetpack_shortlink":"https:\/\/wp.me\/p6RhLt-pXg","jetpack_sharing_enabled":true,"_links":{"self":[{"href":"https:\/\/eldiariodesanpedro.com.ar\/sitio\/wp-json\/wp\/v2\/posts\/99774","targetHints":{"allow":["GET"]}}],"collection":[{"href":"https:\/\/eldiariodesanpedro.com.ar\/sitio\/wp-json\/wp\/v2\/posts"}],"about":[{"href":"https:\/\/eldiariodesanpedro.com.ar\/sitio\/wp-json\/wp\/v2\/types\/post"}],"author":[{"embeddable":true,"href":"https:\/\/eldiariodesanpedro.com.ar\/sitio\/wp-json\/wp\/v2\/users\/4"}],"replies":[{"embeddable":true,"href":"https:\/\/eldiariodesanpedro.com.ar\/sitio\/wp-json\/wp\/v2\/comments?post=99774"}],"version-history":[{"count":1,"href":"https:\/\/eldiariodesanpedro.com.ar\/sitio\/wp-json\/wp\/v2\/posts\/99774\/revisions"}],"predecessor-version":[{"id":99784,"href":"https:\/\/eldiariodesanpedro.com.ar\/sitio\/wp-json\/wp\/v2\/posts\/99774\/revisions\/99784"}],"wp:featuredmedia":[{"embeddable":true,"href":"https:\/\/eldiariodesanpedro.com.ar\/sitio\/wp-json\/wp\/v2\/media\/70785"}],"wp:attachment":[{"href":"https:\/\/eldiariodesanpedro.com.ar\/sitio\/wp-json\/wp\/v2\/media?parent=99774"}],"wp:term":[{"taxonomy":"category","embeddable":true,"href":"https:\/\/eldiariodesanpedro.com.ar\/sitio\/wp-json\/wp\/v2\/categories?post=99774"},{"taxonomy":"post_tag","embeddable":true,"href":"https:\/\/eldiariodesanpedro.com.ar\/sitio\/wp-json\/wp\/v2\/tags?post=99774"}],"curies":[{"name":"wp","href":"https:\/\/api.w.org\/{rel}","templated":true}]}}