{"id":9976,"date":"2016-11-09T19:18:20","date_gmt":"2016-11-09T22:18:20","guid":{"rendered":"https:\/\/eldiariodesanpedro.com.ar\/sitio\/?p=9976"},"modified":"2016-11-09T19:18:20","modified_gmt":"2016-11-09T22:18:20","slug":"charla-sobre-perspectivas-de-la-economia","status":"publish","type":"post","link":"https:\/\/eldiariodesanpedro.com.ar\/sitio\/charla-sobre-perspectivas-de-la-economia\/","title":{"rendered":"Charla sobre perspectivas de la econom\u00eda"},"content":{"rendered":"<p><!-- VideographyWP Plugin Message: Automatic video embedding prevented by plugin options. --><br \/>\nEl Centro de Comercio e Industria de San Pedro y el Banco Macro organizan el pr\u00f3ximo jueves 17 de noviembre a las 20.00 en el Sal\u00f3n de los Espejos de la entidad, una charla informativa a cargo del economista Marcelo Romano abordando el tema \u00abCamino a la Realidad, Perspectivas del Escenario Econ\u00f3mico Actual\u00bb.<\/p>\n<p>El especialista invitado es economista de la entidad financiera que acompa\u00f1a en esta propuesta, con la posibilidad de compartir la mirada que hoy tienen especialistas en la materia.<\/p>\n<p>Entre los antecedentes m\u00e1s destacados del licenciado Romano se destacan su participaci\u00f3n como asesor del Directorio del Banco en temas tales como estimaci\u00f3n de variables macroecon\u00f3micas, proyecci\u00f3n de variables y definici\u00f3n de tasas. Adem\u00e1s ha sido entre el 2003 y el 2006 consultor econ\u00f3mico financiero del Ministerio de la Producci\u00f3n de la Provincia de Buenos Aires.<\/p>\n","protected":false},"excerpt":{"rendered":"<p>El Centro de Comercio e Industria de San Pedro y el Banco Macro organizan el pr\u00f3ximo jueves 17 de noviembre a las 20.00 en el Sal\u00f3n de los Espejos de la entidad, una charla informativa a cargo del economista Marcelo Romano abordando el tema \u00abCamino a la Realidad, Perspectivas del Escenario Econ\u00f3mico Actual\u00bb. El especialista [&hellip;]<\/p>\n","protected":false},"author":4,"featured_media":3126,"comment_status":"open","ping_status":"closed","sticky":false,"template":"","format":"standard","meta":{"om_disable_all_campaigns":false,"_jetpack_memberships_contains_paid_content":false,"footnotes":""},"categories":[101,2],"tags":[],"class_list":["post-9976","post","type-post","status-publish","format-standard","has-post-thumbnail","hentry","category-interes-general-locales","category-locales"],"aioseo_notices":[],"gutentor_comment":0,"jetpack_featured_media_url":"https:\/\/eldiariodesanpedro.com.ar\/sitio\/wp-content\/uploads\/2016\/04\/Centro-de-Comercio-e-industria.jpg","jetpack_shortlink":"https:\/\/wp.me\/p6RhLt-2AU","jetpack_sharing_enabled":true,"_links":{"self":[{"href":"https:\/\/eldiariodesanpedro.com.ar\/sitio\/wp-json\/wp\/v2\/posts\/9976","targetHints":{"allow":["GET"]}}],"collection":[{"href":"https:\/\/eldiariodesanpedro.com.ar\/sitio\/wp-json\/wp\/v2\/posts"}],"about":[{"href":"https:\/\/eldiariodesanpedro.com.ar\/sitio\/wp-json\/wp\/v2\/types\/post"}],"author":[{"embeddable":true,"href":"https:\/\/eldiariodesanpedro.com.ar\/sitio\/wp-json\/wp\/v2\/users\/4"}],"replies":[{"embeddable":true,"href":"https:\/\/eldiariodesanpedro.com.ar\/sitio\/wp-json\/wp\/v2\/comments?post=9976"}],"version-history":[{"count":1,"href":"https:\/\/eldiariodesanpedro.com.ar\/sitio\/wp-json\/wp\/v2\/posts\/9976\/revisions"}],"predecessor-version":[{"id":9977,"href":"https:\/\/eldiariodesanpedro.com.ar\/sitio\/wp-json\/wp\/v2\/posts\/9976\/revisions\/9977"}],"wp:featuredmedia":[{"embeddable":true,"href":"https:\/\/eldiariodesanpedro.com.ar\/sitio\/wp-json\/wp\/v2\/media\/3126"}],"wp:attachment":[{"href":"https:\/\/eldiariodesanpedro.com.ar\/sitio\/wp-json\/wp\/v2\/media?parent=9976"}],"wp:term":[{"taxonomy":"category","embeddable":true,"href":"https:\/\/eldiariodesanpedro.com.ar\/sitio\/wp-json\/wp\/v2\/categories?post=9976"},{"taxonomy":"post_tag","embeddable":true,"href":"https:\/\/eldiariodesanpedro.com.ar\/sitio\/wp-json\/wp\/v2\/tags?post=9976"}],"curies":[{"name":"wp","href":"https:\/\/api.w.org\/{rel}","templated":true}]}}