{"id":99759,"date":"2021-09-29T20:49:32","date_gmt":"2021-09-29T23:49:32","guid":{"rendered":"https:\/\/eldiariodesanpedro.com.ar\/sitio\/?p=99759"},"modified":"2021-09-29T20:49:43","modified_gmt":"2021-09-29T23:49:43","slug":"el-choque-de-cada-dia-una-camioneta-colosio-una-motocicleta-un-joven-trasladado-al-nosocomio-local","status":"publish","type":"post","link":"https:\/\/eldiariodesanpedro.com.ar\/sitio\/el-choque-de-cada-dia-una-camioneta-colosio-una-motocicleta-un-joven-trasladado-al-nosocomio-local\/","title":{"rendered":"El choque de cada d\u00eda: una camioneta colosio una motocicleta, un joven trasladado al nosocomio local"},"content":{"rendered":"<!-- VideographyWP Plugin Message: Automatic video embedding prevented by plugin options. -->\n\n<p>Este mi\u00e9rcoles pasado el mediod\u00eda de hoy un joven que conduc\u00eda una motocicleta sufri\u00f3 el impacto de una camioneta conducida por otro masculino.<\/p>\n\n\n\n<p>El siniestro tuvo lugar hoy alrededor de las 13:30 hs en la esquina de Ituzaing\u00f3 y General Pueyrred\u00f3n donde por motivos que se tratan de establecer una camioneta Renault Duster colision\u00f3 con una motocicleta Mondial Dax 70 cc en la que circulaba un joven mayor de edad.<\/p>\n\n\n\n<p>En el lugar se hizo presente una ambulancia del SAME que traslad\u00f3 al conductor de la motocicleta al nosocomio local donde se determin\u00f3 que presentaba lesiones leves.<\/p>\n\n\n\n<figure class=\"wp-block-image size-large\"><img decoding=\"async\" width=\"1024\" height=\"498\" data-attachment-id=\"99762\" data-permalink=\"https:\/\/eldiariodesanpedro.com.ar\/sitio\/20210929_135945\/\" data-orig-file=\"https:\/\/eldiariodesanpedro.com.ar\/sitio\/wp-content\/uploads\/2021\/09\/20210929_135945-scaled.jpg\" data-orig-size=\"2560,1244\" data-comments-opened=\"0\" data-image-meta=\"{&quot;aperture&quot;:&quot;1.7&quot;,&quot;credit&quot;:&quot;&quot;,&quot;camera&quot;:&quot;SM-G955F&quot;,&quot;caption&quot;:&quot;&quot;,&quot;created_timestamp&quot;:&quot;1632923985&quot;,&quot;copyright&quot;:&quot;&quot;,&quot;focal_length&quot;:&quot;4.2&quot;,&quot;iso&quot;:&quot;40&quot;,&quot;shutter_speed&quot;:&quot;0.0010183299389002&quot;,&quot;title&quot;:&quot;&quot;,&quot;orientation&quot;:&quot;1&quot;}\" data-image-title=\"20210929_135945\" data-image-description=\"\" data-image-caption=\"\" data-large-file=\"https:\/\/eldiariodesanpedro.com.ar\/sitio\/wp-content\/uploads\/2021\/09\/20210929_135945-1024x498.jpg\" data-src=\"https:\/\/eldiariodesanpedro.com.ar\/sitio\/wp-content\/uploads\/2021\/09\/20210929_135945-1024x498.jpg\" alt=\"\" class=\"wp-image-99762 lazyload\" data-srcset=\"https:\/\/eldiariodesanpedro.com.ar\/sitio\/wp-content\/uploads\/2021\/09\/20210929_135945-1024x498.jpg 1024w, https:\/\/eldiariodesanpedro.com.ar\/sitio\/wp-content\/uploads\/2021\/09\/20210929_135945-300x146.jpg 300w, https:\/\/eldiariodesanpedro.com.ar\/sitio\/wp-content\/uploads\/2021\/09\/20210929_135945-768x373.jpg 768w, https:\/\/eldiariodesanpedro.com.ar\/sitio\/wp-content\/uploads\/2021\/09\/20210929_135945-1536x747.jpg 1536w, https:\/\/eldiariodesanpedro.com.ar\/sitio\/wp-content\/uploads\/2021\/09\/20210929_135945-2048x996.jpg 2048w\" data-sizes=\"(max-width: 1024px) 100vw, 1024px\" src=\"data:image\/svg+xml;base64,PHN2ZyB3aWR0aD0iMSIgaGVpZ2h0PSIxIiB4bWxucz0iaHR0cDovL3d3dy53My5vcmcvMjAwMC9zdmciPjwvc3ZnPg==\" style=\"--smush-placeholder-width: 1024px; --smush-placeholder-aspect-ratio: 1024\/498;\" \/><\/figure>\n","protected":false},"excerpt":{"rendered":"<p>Este mi\u00e9rcoles pasado el mediod\u00eda de hoy un joven que conduc\u00eda una motocicleta sufri\u00f3 el impacto de una camioneta conducida por otro masculino. El siniestro tuvo lugar hoy alrededor de las 13:30 hs en la esquina de Ituzaing\u00f3 y General Pueyrred\u00f3n donde por motivos que se tratan de establecer una camioneta Renault Duster colision\u00f3 con [&hellip;]<\/p>\n","protected":false},"author":4,"featured_media":99761,"comment_status":"closed","ping_status":"closed","sticky":false,"template":"","format":"standard","meta":{"om_disable_all_campaigns":false,"_jetpack_memberships_contains_paid_content":false,"footnotes":""},"categories":[2,103],"tags":[197,33,95,19],"class_list":["post-99759","post","type-post","status-publish","format-standard","has-post-thumbnail","hentry","category-locales","category-policiales-locales","tag-buenos-aires","tag-locales","tag-policiales","tag-san-pedro"],"aioseo_notices":[],"gutentor_comment":0,"jetpack_featured_media_url":"https:\/\/eldiariodesanpedro.com.ar\/sitio\/wp-content\/uploads\/2021\/09\/20210929_140006-scaled.jpg","jetpack_shortlink":"https:\/\/wp.me\/p6RhLt-pX1","jetpack_sharing_enabled":true,"_links":{"self":[{"href":"https:\/\/eldiariodesanpedro.com.ar\/sitio\/wp-json\/wp\/v2\/posts\/99759","targetHints":{"allow":["GET"]}}],"collection":[{"href":"https:\/\/eldiariodesanpedro.com.ar\/sitio\/wp-json\/wp\/v2\/posts"}],"about":[{"href":"https:\/\/eldiariodesanpedro.com.ar\/sitio\/wp-json\/wp\/v2\/types\/post"}],"author":[{"embeddable":true,"href":"https:\/\/eldiariodesanpedro.com.ar\/sitio\/wp-json\/wp\/v2\/users\/4"}],"replies":[{"embeddable":true,"href":"https:\/\/eldiariodesanpedro.com.ar\/sitio\/wp-json\/wp\/v2\/comments?post=99759"}],"version-history":[{"count":1,"href":"https:\/\/eldiariodesanpedro.com.ar\/sitio\/wp-json\/wp\/v2\/posts\/99759\/revisions"}],"predecessor-version":[{"id":99763,"href":"https:\/\/eldiariodesanpedro.com.ar\/sitio\/wp-json\/wp\/v2\/posts\/99759\/revisions\/99763"}],"wp:featuredmedia":[{"embeddable":true,"href":"https:\/\/eldiariodesanpedro.com.ar\/sitio\/wp-json\/wp\/v2\/media\/99761"}],"wp:attachment":[{"href":"https:\/\/eldiariodesanpedro.com.ar\/sitio\/wp-json\/wp\/v2\/media?parent=99759"}],"wp:term":[{"taxonomy":"category","embeddable":true,"href":"https:\/\/eldiariodesanpedro.com.ar\/sitio\/wp-json\/wp\/v2\/categories?post=99759"},{"taxonomy":"post_tag","embeddable":true,"href":"https:\/\/eldiariodesanpedro.com.ar\/sitio\/wp-json\/wp\/v2\/tags?post=99759"}],"curies":[{"name":"wp","href":"https:\/\/api.w.org\/{rel}","templated":true}]}}