{"id":99756,"date":"2021-09-29T20:36:14","date_gmt":"2021-09-29T23:36:14","guid":{"rendered":"https:\/\/eldiariodesanpedro.com.ar\/sitio\/?p=99756"},"modified":"2021-09-29T20:36:18","modified_gmt":"2021-09-29T23:36:18","slug":"salazar-en-una-reunion-con-el-nuevo-jefe-de-gabinete-martin-insaurralde","status":"publish","type":"post","link":"https:\/\/eldiariodesanpedro.com.ar\/sitio\/salazar-en-una-reunion-con-el-nuevo-jefe-de-gabinete-martin-insaurralde\/","title":{"rendered":"Salazar en una reuni\u00f3n con el nuevo Jefe de Gabinete Mart\u00edn Insaurralde"},"content":{"rendered":"<!-- VideographyWP Plugin Message: Automatic video embedding prevented by plugin options. -->\n\n<p>El Intendente Cecilio Salazar particip\u00f3 hoy de una reuni\u00f3n convocada por el nuevo jefe de gabinete provincial, Mart\u00edn Insaurralde, junto a intendentes de la Segunda Secci\u00f3n Electoral.<\/p>\n\n\n\n<p>En el encuentro del que tambi\u00e9n participaron la nueva ministra de Gobierno Cristina \u00c1lvarez Rodr\u00edguez, el presidente de la C\u00e1mara de Diputados Federico Otermin, el vicejefe de gabinete Juan Pablo de Jes\u00fas y el senador provincial Adri\u00e1n Santarelli.<\/p>\n\n\n\n<p>En lo que desde el gobierno provincial se ha planteado como una segunda etapa de gesti\u00f3n en la salida de la Pandemia, en este primer encuentro personal con Insaurralde y su equipo, qued\u00f3 en evidencia el amplio conocimiento que puede aportar un intendente que conoce claramente la situaci\u00f3n de los municipios, su funcionamiento y sus necesidades.<\/p>\n\n\n\n<p>Los Intendentes tuvieron la posibilidad de expresar sus inquietudes para los pr\u00f3ximos dos a\u00f1os de gesti\u00f3n que deber\u00e1n consolidar la recuperaci\u00f3n econ\u00f3mica que ya ha comenzado, m\u00e1s all\u00e1 de los resultados electorales.<\/p>\n\n\n\n<p>Qued\u00f3 establecido un canal de di\u00e1logo permanente, tanto con el Jefe de Gabinete como con la Ministra de Gobierno, y el compromiso de fortalecer la tarea para mantener e incrementar el ritmo de obras y las gestiones en toda la regi\u00f3n.<\/p>\n\n\n\n<p>Los funcionarios tomaron nota especialmente que desde San Pedro, el Intendente Salazar volvi\u00f3 a remarcar la importancia del r\u00e1pido inicio de la repavimentaci\u00f3n de la Ruta Provincial 191 y la inclusi\u00f3n del acceso a Santa Luc\u00eda en el plan de obras, para solucionar definitivamente este problema.<\/p>\n","protected":false},"excerpt":{"rendered":"<p>El Intendente Cecilio Salazar particip\u00f3 hoy de una reuni\u00f3n convocada por el nuevo jefe de gabinete provincial, Mart\u00edn Insaurralde, junto a intendentes de la Segunda Secci\u00f3n Electoral. En el encuentro del que tambi\u00e9n participaron la nueva ministra de Gobierno Cristina \u00c1lvarez Rodr\u00edguez, el presidente de la C\u00e1mara de Diputados Federico Otermin, el vicejefe de gabinete [&hellip;]<\/p>\n","protected":false},"author":4,"featured_media":99757,"comment_status":"closed","ping_status":"closed","sticky":false,"template":"","format":"standard","meta":{"om_disable_all_campaigns":false,"_jetpack_memberships_contains_paid_content":false,"footnotes":""},"categories":[50,101,2],"tags":[197,696,33,19],"class_list":["post-99756","post","type-post","status-publish","format-standard","has-post-thumbnail","hentry","category-destacadas","category-interes-general-locales","category-locales","tag-buenos-aires","tag-interes-general","tag-locales","tag-san-pedro"],"aioseo_notices":[],"gutentor_comment":0,"jetpack_featured_media_url":"https:\/\/eldiariodesanpedro.com.ar\/sitio\/wp-content\/uploads\/2021\/09\/WhatsApp-Image-2021-09-29-at-19.24.36.jpeg","jetpack_shortlink":"https:\/\/wp.me\/p6RhLt-pWY","jetpack_sharing_enabled":true,"_links":{"self":[{"href":"https:\/\/eldiariodesanpedro.com.ar\/sitio\/wp-json\/wp\/v2\/posts\/99756","targetHints":{"allow":["GET"]}}],"collection":[{"href":"https:\/\/eldiariodesanpedro.com.ar\/sitio\/wp-json\/wp\/v2\/posts"}],"about":[{"href":"https:\/\/eldiariodesanpedro.com.ar\/sitio\/wp-json\/wp\/v2\/types\/post"}],"author":[{"embeddable":true,"href":"https:\/\/eldiariodesanpedro.com.ar\/sitio\/wp-json\/wp\/v2\/users\/4"}],"replies":[{"embeddable":true,"href":"https:\/\/eldiariodesanpedro.com.ar\/sitio\/wp-json\/wp\/v2\/comments?post=99756"}],"version-history":[{"count":1,"href":"https:\/\/eldiariodesanpedro.com.ar\/sitio\/wp-json\/wp\/v2\/posts\/99756\/revisions"}],"predecessor-version":[{"id":99758,"href":"https:\/\/eldiariodesanpedro.com.ar\/sitio\/wp-json\/wp\/v2\/posts\/99756\/revisions\/99758"}],"wp:featuredmedia":[{"embeddable":true,"href":"https:\/\/eldiariodesanpedro.com.ar\/sitio\/wp-json\/wp\/v2\/media\/99757"}],"wp:attachment":[{"href":"https:\/\/eldiariodesanpedro.com.ar\/sitio\/wp-json\/wp\/v2\/media?parent=99756"}],"wp:term":[{"taxonomy":"category","embeddable":true,"href":"https:\/\/eldiariodesanpedro.com.ar\/sitio\/wp-json\/wp\/v2\/categories?post=99756"},{"taxonomy":"post_tag","embeddable":true,"href":"https:\/\/eldiariodesanpedro.com.ar\/sitio\/wp-json\/wp\/v2\/tags?post=99756"}],"curies":[{"name":"wp","href":"https:\/\/api.w.org\/{rel}","templated":true}]}}