{"id":99745,"date":"2021-09-29T18:44:50","date_gmt":"2021-09-29T21:44:50","guid":{"rendered":"https:\/\/eldiariodesanpedro.com.ar\/sitio\/?p=99745"},"modified":"2021-09-29T18:44:54","modified_gmt":"2021-09-29T21:44:54","slug":"gran-impulso-para-el-sector-viverista-del-noreste-bonaerense","status":"publish","type":"post","link":"https:\/\/eldiariodesanpedro.com.ar\/sitio\/gran-impulso-para-el-sector-viverista-del-noreste-bonaerense\/","title":{"rendered":"Gran impulso para el sector viverista del noreste bonaerense"},"content":{"rendered":"<!-- VideographyWP Plugin Message: Automatic video embedding prevented by plugin options. -->\n\n<p>Con inicio y fin en plena pandemia, 46 emprendimientos familiares y 3 instituciones, fueron protagonistas de un proyecto de 7,5 millones de pesos que dejaron infraestructura instalada, insumos y capacidades en producci\u00f3n de plantas con uso de tecnolog\u00eda de riego y fertilizaci\u00f3n.<\/p>\n\n\n\n<p>Con inicio y fin en plena pandemia, 46 emprendimientos familiares y 3 instituciones, fueron protagonistas de un proyecto de 7,5 millones de pesos que dejaron infraestructura instalada, insumos y capacidades en producci\u00f3n de plantas con uso de tecnolog\u00eda de riego y fertilizaci\u00f3n.<\/p>\n\n\n\n<p>La C\u00e1mara de Viveristas de San Pedro fue la gestora de los recursos, con el acompa\u00f1amiento t\u00e9cnico del INTA San Pedro. En el primer ciclo productivo se lograron 98000 plantas envasadas que se incorporaron al mercado y que ya se vendieron casi en un 80%, pero un porcentaje importante de participantes ya transitan el segundo ciclo y tambi\u00e9n el tercero. Tras dos a\u00f1os de esperar la financiaci\u00f3n, el 28 de diciembre de 2019 llegaron los recursos, y en junio de 2021, tal como estaba planeado, se terminaron de rendir los recursos.<\/p>\n\n\n\n<p>El cierre del proyecto se concret\u00f3 en septiembre, con la visita de un equipo t\u00e9cnico del Ministerio de Desarrollo de la Naci\u00f3n, que lo financi\u00f3. Se recorrieron los viveros Naty, Cap\u00f3, Plantas Yani, Gaido, y el de la Escuela Agropecuaria Vuelta de Obligado. Entre los emprendimientos familiares, 5 tienen a mujeres al frente del mismo. Result\u00f3 interesante, que uno de los alumnos de la escuela que particip\u00f3 de la experiencia productiva-comercial, inici\u00f3 con su familia el cultivo de plantines en lo que se transform\u00f3 en una nueva salida laboral.<\/p>\n\n\n\n<p>El equipo que acompa\u00f1\u00f3 el proyecto estuvo integrado por la comisi\u00f3n directiva de la C\u00e1mara de viveristas que fue tomando las decisiones gestionadas por su gerente Pablo Ojea, un equipo del INTA liderado por Adolfo Heguiabeheri y acompa\u00f1ado por Laura Hansen y Mariana Piola, y dos profesionales de la actividad privada local: Lucila Varela y Maurino Naya, como asesores t\u00e9cnicos para la implementaci\u00f3n de las acciones.<\/p>\n\n\n\n<p>El despliegue del proyecto<br>En 2018, la C\u00e1mara de Viveristas, el INTA y la Secretar\u00eda de Desarrollo Econ\u00f3mico de la Municipalidad de San Pedro, formularon un proyecto que fue presentado al Ministerio de Desarrollo Social de Naci\u00f3n y aprobado a fin de 2019. Se trat\u00f3 de una iniciativa apuntada a los viveristas de menor escala, que trabajan con la familia y no cuentan con excedentes para invertir en tecnolog\u00eda.<\/p>\n\n\n\n<p>Las capacitaciones comenzaron en febrero 2020 y cuando empezaban a distribuirse los insumos necesarios para armar el m\u00f3dulo, fue declarada la pandemia de Coronavirus, pero al estar la actividad productiva habilitada (no as\u00ed la venta de plantas), se fue organizando el trabajo siguiendo todas las medidas recomendadas y articuladas a trav\u00e9s de comunicaciones digitales.<\/p>\n\n\n\n<p>Los 49 emprendimientos instalaron el m\u00f3dulo (postes, media sombra, alambre), con una estructura de riego que les queda instalada, y se entregaron los insumos (macetas, sustrato, plantines) para producir. Con las plantas crecidas, comenz\u00f3 el ajuste de la comercializaci\u00f3n, mediante el armado de un cat\u00e1logo online en la web www.viverosdesanpedro.com.ar y mediante publicidad administrada en redes sociales.<\/p>\n\n\n\n<p>Lucila Varela y Mauricio Naya acompa\u00f1aron a productoras y productores mediante visitas individuales a los predios para verificar los avances y acompa\u00f1ar en la puesta en marcha del m\u00f3dulo. Hubo instancias de capacitaci\u00f3n, tres fueron durante febrero y presenciales, y luego se reemplazaron por modalidades virtuales a trav\u00e9s de videos preparados para tal fin e instrucciones precisas.<\/p>\n\n\n\n<p>El balance al finalizar por sus protagonistas<br>Mercedes Arraztoa (Direcci\u00f3n de Acompa\u00f1amiento en el Financiamiento de Unidades de Producci\u00f3n<br>Secretar\u00eda de Econom\u00eda Social): Desde el Ministerio agradecemos el profesionalismo y dedicaci\u00f3n con el que se usaron los fondos p\u00fablicos. El saldo es sumamente positivo. El equipo t\u00e9cnico super\u00f3 ampliamente las expectativas.<br>Pablo Ojea: Hemos culminado con \u00e9xito el cierre del Programa Creer y Crear. Con errores y aciertos hemos querido y queremos seguir acompa\u00f1ando a cada productor, agradezco a la C\u00e1mara de Viverista por darme la confianza para poder colaborar en todo esto, al INTA por la colaboraci\u00f3n conjunta en todo y gracias a los productores que poco a poco los sigo conociendo\u2026<br>Sergio Taurizano: Agradezco a todos por su participaci\u00f3n en este proyecto la devoluci\u00f3n de hoy de Mercedes nos debe fortalecer como c\u00e1mara y grupo\u2026 Gracias al equipo de INTA al equipo t\u00e9cnico y en especial a vos a Pablo por todo lo que hiciste para que el proyecto salga todo en tiempo y forma como fue la devoluci\u00f3n\u2026..Felicitaciones equipo vamos por m\u00e1s!!!!<br>Laura Hansen: Desde INTA adem\u00e1s de ser nuestra tarea acompa\u00f1ar al sector productivo, en este caso ha sido un gusto trabajar con todos ustedes. Nos alegramos que el proyecto haya servido para que den un paso adelante con la incorporaci\u00f3n de tecnolog\u00eda y el aumento de la producci\u00f3n . Sigamos trabajando en conjunto con la C\u00e1mara para el crecimiento de todos los viveros de San Pedro<br>Adolfo Heguiabeheri: Ahora pienso, la importancia de tener una organizaci\u00f3n que los represente, donde se puedan plantear las problem\u00e1ticas, y tambi\u00e9n gestionar este tipo de proyectos. Hay que seguir fortaleciendo los v\u00ednculos y a la C\u00e1mara. Acompa\u00f1en a la C\u00e1mara y sean proactivos!!!!<br>Mauricio Naya: Me siento muy agradecido con todo el equipo y con quienes participaron y sumaron a este proyecto! Felicitaciones por el logro!<br>Lucila Varela: Gracias a todos los que se comprometieron con este proyecto y por la predisposici\u00f3n en cada visita. El objetivo siempre fue ayudarlos a crecer y darles la posibilidad de que conozcan algo nuevo!<br>En el intercambio posterior dejaron su agradecimiento Patricia Vellani, Alejandro Gaido, Mar\u00eda Jos\u00e9 C\u00e9s, Pablo Fern\u00e1ndez, Natalia Chollet, Gabriel Balustro, Eduardo Ram\u00f3n, Marco Reyloba, Silvia Zalazar, Alicia, Mariano Mora, Miguel, Esteban Obrador, Silvina Campana, Laura Harsch, Mariano Novella, entre otros.<\/p>\n\n\n\n<figure class=\"wp-block-image size-large\"><img decoding=\"async\" width=\"1024\" height=\"768\" data-attachment-id=\"99747\" data-permalink=\"https:\/\/eldiariodesanpedro.com.ar\/sitio\/gran-impulso-para-el-sector-viverista-del-noreste-bonaerense\/42272459-2316-e005-d787-09dce214eeec\/\" data-orig-file=\"https:\/\/eldiariodesanpedro.com.ar\/sitio\/wp-content\/uploads\/2021\/09\/42272459-2316-e005-d787-09dce214eeec.jpg\" data-orig-size=\"1200,900\" data-comments-opened=\"0\" data-image-meta=\"{&quot;aperture&quot;:&quot;0&quot;,&quot;credit&quot;:&quot;&quot;,&quot;camera&quot;:&quot;&quot;,&quot;caption&quot;:&quot;&quot;,&quot;created_timestamp&quot;:&quot;0&quot;,&quot;copyright&quot;:&quot;&quot;,&quot;focal_length&quot;:&quot;0&quot;,&quot;iso&quot;:&quot;0&quot;,&quot;shutter_speed&quot;:&quot;0&quot;,&quot;title&quot;:&quot;&quot;,&quot;orientation&quot;:&quot;0&quot;}\" data-image-title=\"42272459-2316-e005-d787-09dce214eeec\" data-image-description=\"\" data-image-caption=\"\" data-large-file=\"https:\/\/eldiariodesanpedro.com.ar\/sitio\/wp-content\/uploads\/2021\/09\/42272459-2316-e005-d787-09dce214eeec-1024x768.jpg\" data-src=\"https:\/\/eldiariodesanpedro.com.ar\/sitio\/wp-content\/uploads\/2021\/09\/42272459-2316-e005-d787-09dce214eeec-1024x768.jpg\" alt=\"\" class=\"wp-image-99747 lazyload\" data-srcset=\"https:\/\/eldiariodesanpedro.com.ar\/sitio\/wp-content\/uploads\/2021\/09\/42272459-2316-e005-d787-09dce214eeec-1024x768.jpg 1024w, https:\/\/eldiariodesanpedro.com.ar\/sitio\/wp-content\/uploads\/2021\/09\/42272459-2316-e005-d787-09dce214eeec-300x225.jpg 300w, https:\/\/eldiariodesanpedro.com.ar\/sitio\/wp-content\/uploads\/2021\/09\/42272459-2316-e005-d787-09dce214eeec-768x576.jpg 768w, https:\/\/eldiariodesanpedro.com.ar\/sitio\/wp-content\/uploads\/2021\/09\/42272459-2316-e005-d787-09dce214eeec-500x375.jpg 500w, https:\/\/eldiariodesanpedro.com.ar\/sitio\/wp-content\/uploads\/2021\/09\/42272459-2316-e005-d787-09dce214eeec.jpg 1200w\" data-sizes=\"(max-width: 1024px) 100vw, 1024px\" src=\"data:image\/svg+xml;base64,PHN2ZyB3aWR0aD0iMSIgaGVpZ2h0PSIxIiB4bWxucz0iaHR0cDovL3d3dy53My5vcmcvMjAwMC9zdmciPjwvc3ZnPg==\" style=\"--smush-placeholder-width: 1024px; --smush-placeholder-aspect-ratio: 1024\/768;\" \/><\/figure>\n","protected":false},"excerpt":{"rendered":"<p>Con inicio y fin en plena pandemia, 46 emprendimientos familiares y 3 instituciones, fueron protagonistas de un proyecto de 7,5 millones de pesos que dejaron infraestructura instalada, insumos y capacidades en producci\u00f3n de plantas con uso de tecnolog\u00eda de riego y fertilizaci\u00f3n. Con inicio y fin en plena pandemia, 46 emprendimientos familiares y 3 instituciones, [&hellip;]<\/p>\n","protected":false},"author":4,"featured_media":99746,"comment_status":"closed","ping_status":"closed","sticky":false,"template":"","format":"standard","meta":{"om_disable_all_campaigns":false,"_jetpack_memberships_contains_paid_content":false,"footnotes":""},"categories":[101,2],"tags":[197,696,33,19],"class_list":["post-99745","post","type-post","status-publish","format-standard","has-post-thumbnail","hentry","category-interes-general-locales","category-locales","tag-buenos-aires","tag-interes-general","tag-locales","tag-san-pedro"],"aioseo_notices":[],"gutentor_comment":0,"jetpack_featured_media_url":"https:\/\/eldiariodesanpedro.com.ar\/sitio\/wp-content\/uploads\/2021\/09\/45c9af8d-358c-4954-e687-f8bb5245f219.jpg","jetpack_shortlink":"https:\/\/wp.me\/p6RhLt-pWN","jetpack_sharing_enabled":true,"_links":{"self":[{"href":"https:\/\/eldiariodesanpedro.com.ar\/sitio\/wp-json\/wp\/v2\/posts\/99745","targetHints":{"allow":["GET"]}}],"collection":[{"href":"https:\/\/eldiariodesanpedro.com.ar\/sitio\/wp-json\/wp\/v2\/posts"}],"about":[{"href":"https:\/\/eldiariodesanpedro.com.ar\/sitio\/wp-json\/wp\/v2\/types\/post"}],"author":[{"embeddable":true,"href":"https:\/\/eldiariodesanpedro.com.ar\/sitio\/wp-json\/wp\/v2\/users\/4"}],"replies":[{"embeddable":true,"href":"https:\/\/eldiariodesanpedro.com.ar\/sitio\/wp-json\/wp\/v2\/comments?post=99745"}],"version-history":[{"count":1,"href":"https:\/\/eldiariodesanpedro.com.ar\/sitio\/wp-json\/wp\/v2\/posts\/99745\/revisions"}],"predecessor-version":[{"id":99748,"href":"https:\/\/eldiariodesanpedro.com.ar\/sitio\/wp-json\/wp\/v2\/posts\/99745\/revisions\/99748"}],"wp:featuredmedia":[{"embeddable":true,"href":"https:\/\/eldiariodesanpedro.com.ar\/sitio\/wp-json\/wp\/v2\/media\/99746"}],"wp:attachment":[{"href":"https:\/\/eldiariodesanpedro.com.ar\/sitio\/wp-json\/wp\/v2\/media?parent=99745"}],"wp:term":[{"taxonomy":"category","embeddable":true,"href":"https:\/\/eldiariodesanpedro.com.ar\/sitio\/wp-json\/wp\/v2\/categories?post=99745"},{"taxonomy":"post_tag","embeddable":true,"href":"https:\/\/eldiariodesanpedro.com.ar\/sitio\/wp-json\/wp\/v2\/tags?post=99745"}],"curies":[{"name":"wp","href":"https:\/\/api.w.org\/{rel}","templated":true}]}}