{"id":99734,"date":"2021-09-29T17:42:38","date_gmt":"2021-09-29T20:42:38","guid":{"rendered":"https:\/\/eldiariodesanpedro.com.ar\/sitio\/?p=99734"},"modified":"2021-09-29T17:42:42","modified_gmt":"2021-09-29T20:42:42","slug":"operativo-de-vacunacion-contra-el-covid-el-proximo-sabado-en-el-centro-de-salud-1o-de-mayo","status":"publish","type":"post","link":"https:\/\/eldiariodesanpedro.com.ar\/sitio\/operativo-de-vacunacion-contra-el-covid-el-proximo-sabado-en-el-centro-de-salud-1o-de-mayo\/","title":{"rendered":"Operativo de vacunacion contra el covid el proximo sabado en el Centro de Salud 1\u00ba de Mayo"},"content":{"rendered":"<!-- VideographyWP Plugin Message: Automatic video embedding prevented by plugin options. -->\n\n<p>El Plan Vacunate San Pedro llevar\u00e1 a cabo un operativo de vacunaci\u00f3n este s\u00e1bado 2 de octubre en el Centro de Salud 1\u00b0 de Mayo ubicado en la intersecci\u00f3n de las calles Boulevard Moreno y Benefactora Sampedrina.<\/p>\n\n\n\n<p>Los mayores de 18 a\u00f1os que no hayan recibido la primera dosis de la vacuna contra Covid-19 podr\u00e1n acercarse de 10 a 14 hs. con documento nacional de identidad.<\/p>\n","protected":false},"excerpt":{"rendered":"<p>El Plan Vacunate San Pedro llevar\u00e1 a cabo un operativo de vacunaci\u00f3n este s\u00e1bado 2 de octubre en el Centro de Salud 1\u00b0 de Mayo ubicado en la intersecci\u00f3n de las calles Boulevard Moreno y Benefactora Sampedrina. Los mayores de 18 a\u00f1os que no hayan recibido la primera dosis de la vacuna contra Covid-19 podr\u00e1n [&hellip;]<\/p>\n","protected":false},"author":4,"featured_media":99735,"comment_status":"closed","ping_status":"closed","sticky":false,"template":"","format":"standard","meta":{"om_disable_all_campaigns":false,"_jetpack_memberships_contains_paid_content":false,"footnotes":""},"categories":[101,2],"tags":[197,696,33,19],"class_list":["post-99734","post","type-post","status-publish","format-standard","has-post-thumbnail","hentry","category-interes-general-locales","category-locales","tag-buenos-aires","tag-interes-general","tag-locales","tag-san-pedro"],"aioseo_notices":[],"gutentor_comment":0,"jetpack_featured_media_url":"https:\/\/eldiariodesanpedro.com.ar\/sitio\/wp-content\/uploads\/2021\/09\/vacunacion-menoresjpg.jpg","jetpack_shortlink":"https:\/\/wp.me\/p6RhLt-pWC","jetpack_sharing_enabled":true,"_links":{"self":[{"href":"https:\/\/eldiariodesanpedro.com.ar\/sitio\/wp-json\/wp\/v2\/posts\/99734","targetHints":{"allow":["GET"]}}],"collection":[{"href":"https:\/\/eldiariodesanpedro.com.ar\/sitio\/wp-json\/wp\/v2\/posts"}],"about":[{"href":"https:\/\/eldiariodesanpedro.com.ar\/sitio\/wp-json\/wp\/v2\/types\/post"}],"author":[{"embeddable":true,"href":"https:\/\/eldiariodesanpedro.com.ar\/sitio\/wp-json\/wp\/v2\/users\/4"}],"replies":[{"embeddable":true,"href":"https:\/\/eldiariodesanpedro.com.ar\/sitio\/wp-json\/wp\/v2\/comments?post=99734"}],"version-history":[{"count":1,"href":"https:\/\/eldiariodesanpedro.com.ar\/sitio\/wp-json\/wp\/v2\/posts\/99734\/revisions"}],"predecessor-version":[{"id":99736,"href":"https:\/\/eldiariodesanpedro.com.ar\/sitio\/wp-json\/wp\/v2\/posts\/99734\/revisions\/99736"}],"wp:featuredmedia":[{"embeddable":true,"href":"https:\/\/eldiariodesanpedro.com.ar\/sitio\/wp-json\/wp\/v2\/media\/99735"}],"wp:attachment":[{"href":"https:\/\/eldiariodesanpedro.com.ar\/sitio\/wp-json\/wp\/v2\/media?parent=99734"}],"wp:term":[{"taxonomy":"category","embeddable":true,"href":"https:\/\/eldiariodesanpedro.com.ar\/sitio\/wp-json\/wp\/v2\/categories?post=99734"},{"taxonomy":"post_tag","embeddable":true,"href":"https:\/\/eldiariodesanpedro.com.ar\/sitio\/wp-json\/wp\/v2\/tags?post=99734"}],"curies":[{"name":"wp","href":"https:\/\/api.w.org\/{rel}","templated":true}]}}