{"id":9973,"date":"2016-11-09T19:15:37","date_gmt":"2016-11-09T22:15:37","guid":{"rendered":"https:\/\/eldiariodesanpedro.com.ar\/sitio\/?p=9973"},"modified":"2016-11-09T19:15:37","modified_gmt":"2016-11-09T22:15:37","slug":"hoy-la-sala-fernando-garcia-herrazu-tiene-arte-por-dentro-y-por-fuera","status":"publish","type":"post","link":"https:\/\/eldiariodesanpedro.com.ar\/sitio\/hoy-la-sala-fernando-garcia-herrazu-tiene-arte-por-dentro-y-por-fuera\/","title":{"rendered":"\u201cHoy la sala Fernando Garc\u00eda Herraz\u00fa tiene arte por dentro y por fuera\u201d"},"content":{"rendered":"<p><!-- VideographyWP Plugin Message: Automatic video embedding prevented by plugin options. --><br \/>\nLos trabajos fueron realizados por los artistas Piki, Lucha, Cof, Nalter, K2man, Scholler, Verito, Grito, Sony Rolls y DFG. Estuvieron todo el fin de semana en la ciudad pintando paredes y edificios del partido con la intenci\u00f3n de cumplir con el programa \u201cArte Urbano, Arte Humano\u201d llevado a cabo por la Direcci\u00f3n de Cultura que dirige Mar\u00eda Jos\u00e9 Mora. <\/p>\n<p>Desde la p\u00e1gina oficial de Facebook de la Direcci\u00f3n de Cultura expresaron: \u201cAs\u00ed se transform\u00f3 por fuera con estas obras maravillosas y por dentro va cobrando vida. Porque se lo merece, porque es una deuda que tenemos con quienes trabajaron hace mucho tiempo por recuperar este lugar y por todos los artistas de nuestra ciudad que han pasado por ese escenario y hoy siguen apostando a este hermoso espacio, nuestro Teatro Municipal Siripo, un escenario que es habitado por artistas que todav\u00eda creen y sue\u00f1an. \u00a1Gracias! Hoy la sala Fernando Garc\u00eda Herraz\u00fa tiene arte por dentro y por fuera\u201d.<\/p>\n<p>En tanto, el Intendente Municipal, en comunicaci\u00f3n con nuestro medio, manifest\u00f3 a su vez sus intenciones de invitar nuevamente a los muralistas para pintar los paredones de la empresa Ram\u00f3n Rosa en J. B. Justo y Salta. Se iniciar\u00e1n las gestiones para ver si existe la posibilidad en un futuro mediato.<\/p>\n","protected":false},"excerpt":{"rendered":"<p>Los trabajos fueron realizados por los artistas Piki, Lucha, Cof, Nalter, K2man, Scholler, Verito, Grito, Sony Rolls y DFG. Estuvieron todo el fin de semana en la ciudad pintando paredes y edificios del partido con la intenci\u00f3n de cumplir con el programa \u201cArte Urbano, Arte Humano\u201d llevado a cabo por la Direcci\u00f3n de Cultura que [&hellip;]<\/p>\n","protected":false},"author":4,"featured_media":9974,"comment_status":"open","ping_status":"closed","sticky":false,"template":"","format":"standard","meta":{"om_disable_all_campaigns":false,"_jetpack_memberships_contains_paid_content":false,"footnotes":""},"categories":[101,2],"tags":[],"class_list":["post-9973","post","type-post","status-publish","format-standard","has-post-thumbnail","hentry","category-interes-general-locales","category-locales"],"aioseo_notices":[],"gutentor_comment":0,"jetpack_featured_media_url":"https:\/\/eldiariodesanpedro.com.ar\/sitio\/wp-content\/uploads\/2016\/11\/siripo-arte-2016.jpg","jetpack_shortlink":"https:\/\/wp.me\/p6RhLt-2AR","jetpack_sharing_enabled":true,"_links":{"self":[{"href":"https:\/\/eldiariodesanpedro.com.ar\/sitio\/wp-json\/wp\/v2\/posts\/9973","targetHints":{"allow":["GET"]}}],"collection":[{"href":"https:\/\/eldiariodesanpedro.com.ar\/sitio\/wp-json\/wp\/v2\/posts"}],"about":[{"href":"https:\/\/eldiariodesanpedro.com.ar\/sitio\/wp-json\/wp\/v2\/types\/post"}],"author":[{"embeddable":true,"href":"https:\/\/eldiariodesanpedro.com.ar\/sitio\/wp-json\/wp\/v2\/users\/4"}],"replies":[{"embeddable":true,"href":"https:\/\/eldiariodesanpedro.com.ar\/sitio\/wp-json\/wp\/v2\/comments?post=9973"}],"version-history":[{"count":1,"href":"https:\/\/eldiariodesanpedro.com.ar\/sitio\/wp-json\/wp\/v2\/posts\/9973\/revisions"}],"predecessor-version":[{"id":9975,"href":"https:\/\/eldiariodesanpedro.com.ar\/sitio\/wp-json\/wp\/v2\/posts\/9973\/revisions\/9975"}],"wp:featuredmedia":[{"embeddable":true,"href":"https:\/\/eldiariodesanpedro.com.ar\/sitio\/wp-json\/wp\/v2\/media\/9974"}],"wp:attachment":[{"href":"https:\/\/eldiariodesanpedro.com.ar\/sitio\/wp-json\/wp\/v2\/media?parent=9973"}],"wp:term":[{"taxonomy":"category","embeddable":true,"href":"https:\/\/eldiariodesanpedro.com.ar\/sitio\/wp-json\/wp\/v2\/categories?post=9973"},{"taxonomy":"post_tag","embeddable":true,"href":"https:\/\/eldiariodesanpedro.com.ar\/sitio\/wp-json\/wp\/v2\/tags?post=9973"}],"curies":[{"name":"wp","href":"https:\/\/api.w.org\/{rel}","templated":true}]}}