{"id":99726,"date":"2021-09-29T14:16:45","date_gmt":"2021-09-29T17:16:45","guid":{"rendered":"https:\/\/eldiariodesanpedro.com.ar\/sitio\/?p=99726"},"modified":"2021-09-29T14:20:38","modified_gmt":"2021-09-29T17:20:38","slug":"se-viene-la-fiesta-de-las-colectividades-el-proximo-fin-de-semana-largo","status":"publish","type":"post","link":"https:\/\/eldiariodesanpedro.com.ar\/sitio\/se-viene-la-fiesta-de-las-colectividades-el-proximo-fin-de-semana-largo\/","title":{"rendered":"Se viene la Fiesta de las Colectividades el pr\u00f3ximo fin de semana largo"},"content":{"rendered":"<!-- VideographyWP Plugin Message: Automatic video embedding prevented by plugin options. -->\n\n<p>Esta ma\u00f1ana se llev\u00f3 a cabo mediante una conferencia de prensa encabezada por la Secretaria de Turismo y Cultura Marcela Cu\u00f1er la presentaci\u00f3n de la Fiesta de las Colectividades que retomar\u00e1 su edici\u00f3n 2021 luego del impasse obligado por la pandemia.<\/p>\n\n\n\n<p>Con la expectativa propia de recuperar las actividades que no solo acompa\u00f1an el crecimiento tur\u00edstico, sino econ\u00f3mico y cultural de la ciudad se hicieron presentes en el Centro Cultural Abelardo Castillo representantes de las colectividades venezolana, italiana, alemana, espa\u00f1ola, mallorquina y en representaci\u00f3n local el rinc\u00f3n de los gauchos, quienes junto a Marcela Cu\u00f1er oficializaron la pr\u00f3xima edici\u00f3n que se llevar\u00e1 a cabo en el Paseo P\u00fablico los d\u00edas s\u00e1bado 9, domingo 10 y lunes 11 de octubre y que contar\u00e1 con un escenario nutrido de espect\u00e1culos art\u00edsticos.<\/p>\n\n\n\n<p>Adem\u00e1s, el s\u00e1bado se realizar\u00e1 la inauguraci\u00f3n de la escalera de las flores a partir de las 11.30 hs. en la base de la escalera con la presencia de todos los que hicieron posible el desarrollo de esta obra en mosaico que formar\u00e1 parte del circuito tur\u00edstico de la ciudad.<\/p>\n\n\n\n<p>Grilla s\u00e1bado 9:<br>14.00 hs. Coro Farabollini<br>14.30 hs. Artistas escalera de las flores<br>14.45 hs. Igaraba Taldea (Grupo de danzas Vascas de San Nicol\u00e1s)<br>15.15 hs. Pialando Recuerdos (Carlos Gonz\u00e1les)<br>15.30 hs. Fent polseguera (Agrupaci\u00f3n Mallorca)<br>16.00 hs. Presentaci\u00f3n de las colectividades<br>16.20 hs. Leo Vell\u00f3n<br>17.00 hs. Joaqu\u00edn Churruar\u00edn<br>17.30 hs. Mart\u00edn Franchini<br>18.00 hs. El Fog\u00f3n (Santa Luc\u00eda)<br>18.30 hs. Luis Rodr\u00edguez<br>19.00 hs. Ang\u00e9lica Soka (Danza \u00c1rabe)<br>19.30 hs. Daniel Cabrera<br>20.00 hs. Roc\u00edo del Cielo (Cantante de m\u00fasica espa\u00f1ola)<br>20.30 hs. Yacar\u00e9 Manso (M\u00fasica Litorale\u00f1a)<br>21.20 hs. Los Manseros Santiague\u00f1os de Leocadio Torres<\/p>\n\n\n\n<p>Grilla domingo 10:<br>14.00 hs. Vera Klein (Grupo de canto en Portugu\u00e9s, conservatorio de m\u00fasica)<br>14.30 hs. Daniel Toledo (Venezuela)<br>15.00 hs. Dantzaris (Grupo de danzas Vascas de Arrecifes)<br>15.20 hs. Susana Mirry Pasi\u00f3n por el tango<br>15.40 hs. Grupo de baile Los de Salta (Eugenia Capre)<br>16.00 hs. Fusi\u00f3n (Banda tributo de rock nacional)<br>16.30 hs. Petitons mallorquines<br>17.00 hs. Presentaci\u00f3n de colectividades<br>17.20 hs. Roberto Benvenuto (Solista tropical)<br>17.50 hs. L\u00b4Siculi Casa Familia Siciliana<br>18.20 hs. Sol Altolaguirre<br>18.50 hs. L\u00b4Siculi Asociaci\u00f3n Casa Familia Siciliana<br>19.10 hs. Manat de Jazm\u00edn Ortiz (Escuela de Danzas \u00c1rabes de Gobernador Castro)<br>19.30 hs. Lara Iglesias (Pop Ac\u00fastico)<br>20.00 hs. Mali \u2013 v\u00fa<br>20.30 hs. Banda Revoluci\u00f3n<br>21.00 hs. Eugena Quevedo (Cumbia Santafesina)<\/p>\n\n\n\n<figure class=\"wp-block-image size-large\"><img decoding=\"async\" width=\"1024\" height=\"1024\" data-attachment-id=\"99729\" data-permalink=\"https:\/\/eldiariodesanpedro.com.ar\/sitio\/se-viene-la-fiesta-de-las-colectividades-el-proximo-fin-de-semana-largo\/whatsapp-image-2021-09-29-at-13-16-29\/\" data-orig-file=\"https:\/\/eldiariodesanpedro.com.ar\/sitio\/wp-content\/uploads\/2021\/09\/WhatsApp-Image-2021-09-29-at-13.16.29.jpeg\" data-orig-size=\"1280,1280\" data-comments-opened=\"0\" data-image-meta=\"{&quot;aperture&quot;:&quot;0&quot;,&quot;credit&quot;:&quot;&quot;,&quot;camera&quot;:&quot;&quot;,&quot;caption&quot;:&quot;&quot;,&quot;created_timestamp&quot;:&quot;0&quot;,&quot;copyright&quot;:&quot;&quot;,&quot;focal_length&quot;:&quot;0&quot;,&quot;iso&quot;:&quot;0&quot;,&quot;shutter_speed&quot;:&quot;0&quot;,&quot;title&quot;:&quot;&quot;,&quot;orientation&quot;:&quot;0&quot;}\" data-image-title=\"WhatsApp-Image-2021-09-29-at-13.16.29\" data-image-description=\"\" data-image-caption=\"\" data-large-file=\"https:\/\/eldiariodesanpedro.com.ar\/sitio\/wp-content\/uploads\/2021\/09\/WhatsApp-Image-2021-09-29-at-13.16.29-1024x1024.jpeg\" data-src=\"https:\/\/eldiariodesanpedro.com.ar\/sitio\/wp-content\/uploads\/2021\/09\/WhatsApp-Image-2021-09-29-at-13.16.29-1024x1024.jpeg\" alt=\"\" class=\"wp-image-99729 lazyload\" data-srcset=\"https:\/\/eldiariodesanpedro.com.ar\/sitio\/wp-content\/uploads\/2021\/09\/WhatsApp-Image-2021-09-29-at-13.16.29-1024x1024.jpeg 1024w, https:\/\/eldiariodesanpedro.com.ar\/sitio\/wp-content\/uploads\/2021\/09\/WhatsApp-Image-2021-09-29-at-13.16.29-300x300.jpeg 300w, https:\/\/eldiariodesanpedro.com.ar\/sitio\/wp-content\/uploads\/2021\/09\/WhatsApp-Image-2021-09-29-at-13.16.29-150x150.jpeg 150w, https:\/\/eldiariodesanpedro.com.ar\/sitio\/wp-content\/uploads\/2021\/09\/WhatsApp-Image-2021-09-29-at-13.16.29-768x768.jpeg 768w, https:\/\/eldiariodesanpedro.com.ar\/sitio\/wp-content\/uploads\/2021\/09\/WhatsApp-Image-2021-09-29-at-13.16.29.jpeg 1280w\" data-sizes=\"(max-width: 1024px) 100vw, 1024px\" src=\"data:image\/svg+xml;base64,PHN2ZyB3aWR0aD0iMSIgaGVpZ2h0PSIxIiB4bWxucz0iaHR0cDovL3d3dy53My5vcmcvMjAwMC9zdmciPjwvc3ZnPg==\" style=\"--smush-placeholder-width: 1024px; --smush-placeholder-aspect-ratio: 1024\/1024;\" \/><\/figure>\n\n\n\n<figure class=\"wp-block-image size-full\"><img decoding=\"async\" width=\"720\" height=\"623\" data-attachment-id=\"99731\" data-permalink=\"https:\/\/eldiariodesanpedro.com.ar\/sitio\/se-viene-la-fiesta-de-las-colectividades-el-proximo-fin-de-semana-largo\/whatsapp-image-2021-09-29-at-13-16-28\/\" data-orig-file=\"https:\/\/eldiariodesanpedro.com.ar\/sitio\/wp-content\/uploads\/2021\/09\/WhatsApp-Image-2021-09-29-at-13.16.28.jpeg\" data-orig-size=\"720,623\" data-comments-opened=\"0\" data-image-meta=\"{&quot;aperture&quot;:&quot;0&quot;,&quot;credit&quot;:&quot;&quot;,&quot;camera&quot;:&quot;&quot;,&quot;caption&quot;:&quot;&quot;,&quot;created_timestamp&quot;:&quot;0&quot;,&quot;copyright&quot;:&quot;&quot;,&quot;focal_length&quot;:&quot;0&quot;,&quot;iso&quot;:&quot;0&quot;,&quot;shutter_speed&quot;:&quot;0&quot;,&quot;title&quot;:&quot;&quot;,&quot;orientation&quot;:&quot;0&quot;}\" data-image-title=\"WhatsApp-Image-2021-09-29-at-13.16.28\" data-image-description=\"\" data-image-caption=\"\" data-large-file=\"https:\/\/eldiariodesanpedro.com.ar\/sitio\/wp-content\/uploads\/2021\/09\/WhatsApp-Image-2021-09-29-at-13.16.28.jpeg\" data-src=\"https:\/\/eldiariodesanpedro.com.ar\/sitio\/wp-content\/uploads\/2021\/09\/WhatsApp-Image-2021-09-29-at-13.16.28.jpeg\" alt=\"\" class=\"wp-image-99731 lazyload\" data-srcset=\"https:\/\/eldiariodesanpedro.com.ar\/sitio\/wp-content\/uploads\/2021\/09\/WhatsApp-Image-2021-09-29-at-13.16.28.jpeg 720w, https:\/\/eldiariodesanpedro.com.ar\/sitio\/wp-content\/uploads\/2021\/09\/WhatsApp-Image-2021-09-29-at-13.16.28-300x260.jpeg 300w\" data-sizes=\"(max-width: 720px) 100vw, 720px\" src=\"data:image\/svg+xml;base64,PHN2ZyB3aWR0aD0iMSIgaGVpZ2h0PSIxIiB4bWxucz0iaHR0cDovL3d3dy53My5vcmcvMjAwMC9zdmciPjwvc3ZnPg==\" style=\"--smush-placeholder-width: 720px; --smush-placeholder-aspect-ratio: 720\/623;\" \/><\/figure>\n","protected":false},"excerpt":{"rendered":"<p>Esta ma\u00f1ana se llev\u00f3 a cabo mediante una conferencia de prensa encabezada por la Secretaria de Turismo y Cultura Marcela Cu\u00f1er la presentaci\u00f3n de la Fiesta de las Colectividades que retomar\u00e1 su edici\u00f3n 2021 luego del impasse obligado por la pandemia. Con la expectativa propia de recuperar las actividades que no solo acompa\u00f1an el crecimiento [&hellip;]<\/p>\n","protected":false},"author":4,"featured_media":99727,"comment_status":"closed","ping_status":"closed","sticky":false,"template":"","format":"standard","meta":{"om_disable_all_campaigns":false,"_jetpack_memberships_contains_paid_content":false,"footnotes":""},"categories":[50,101,2],"tags":[197,696,33,19],"class_list":["post-99726","post","type-post","status-publish","format-standard","has-post-thumbnail","hentry","category-destacadas","category-interes-general-locales","category-locales","tag-buenos-aires","tag-interes-general","tag-locales","tag-san-pedro"],"aioseo_notices":[],"gutentor_comment":0,"jetpack_featured_media_url":"https:\/\/eldiariodesanpedro.com.ar\/sitio\/wp-content\/uploads\/2021\/09\/WhatsApp-Image-2021-09-29-at-13.16.27.jpeg","jetpack_shortlink":"https:\/\/wp.me\/p6RhLt-pWu","jetpack_sharing_enabled":true,"_links":{"self":[{"href":"https:\/\/eldiariodesanpedro.com.ar\/sitio\/wp-json\/wp\/v2\/posts\/99726","targetHints":{"allow":["GET"]}}],"collection":[{"href":"https:\/\/eldiariodesanpedro.com.ar\/sitio\/wp-json\/wp\/v2\/posts"}],"about":[{"href":"https:\/\/eldiariodesanpedro.com.ar\/sitio\/wp-json\/wp\/v2\/types\/post"}],"author":[{"embeddable":true,"href":"https:\/\/eldiariodesanpedro.com.ar\/sitio\/wp-json\/wp\/v2\/users\/4"}],"replies":[{"embeddable":true,"href":"https:\/\/eldiariodesanpedro.com.ar\/sitio\/wp-json\/wp\/v2\/comments?post=99726"}],"version-history":[{"count":2,"href":"https:\/\/eldiariodesanpedro.com.ar\/sitio\/wp-json\/wp\/v2\/posts\/99726\/revisions"}],"predecessor-version":[{"id":99732,"href":"https:\/\/eldiariodesanpedro.com.ar\/sitio\/wp-json\/wp\/v2\/posts\/99726\/revisions\/99732"}],"wp:featuredmedia":[{"embeddable":true,"href":"https:\/\/eldiariodesanpedro.com.ar\/sitio\/wp-json\/wp\/v2\/media\/99727"}],"wp:attachment":[{"href":"https:\/\/eldiariodesanpedro.com.ar\/sitio\/wp-json\/wp\/v2\/media?parent=99726"}],"wp:term":[{"taxonomy":"category","embeddable":true,"href":"https:\/\/eldiariodesanpedro.com.ar\/sitio\/wp-json\/wp\/v2\/categories?post=99726"},{"taxonomy":"post_tag","embeddable":true,"href":"https:\/\/eldiariodesanpedro.com.ar\/sitio\/wp-json\/wp\/v2\/tags?post=99726"}],"curies":[{"name":"wp","href":"https:\/\/api.w.org\/{rel}","templated":true}]}}