{"id":99719,"date":"2021-09-29T13:26:45","date_gmt":"2021-09-29T16:26:45","guid":{"rendered":"https:\/\/eldiariodesanpedro.com.ar\/sitio\/?p=99719"},"modified":"2021-09-29T13:26:50","modified_gmt":"2021-09-29T16:26:50","slug":"dos-personas-aprehendidas-por-tenencia-de-armas-blancas","status":"publish","type":"post","link":"https:\/\/eldiariodesanpedro.com.ar\/sitio\/dos-personas-aprehendidas-por-tenencia-de-armas-blancas\/","title":{"rendered":"Dos personas aprehendidas por tenencia de armas blancas"},"content":{"rendered":"<!-- VideographyWP Plugin Message: Automatic video embedding prevented by plugin options. -->\n\n<p>El d\u00eda de ayer en horas de&nbsp; la tarde alrededor de las 16:10 hs el personal policial de la comisar\u00eda local se hace presente en calle Caron\u00ed y Litoral proceden al traslado de ciudadano de 21 a\u00f1os a quien se le secuestr\u00f3 entre sus prendas un cuchillo. &nbsp;<\/p>\n\n\n\n<p>Un poco m\u00e1s tarde en la misma jornada alrededor de las 18:30 hs de en&nbsp; calle Botaro y su intersecci\u00f3n con Lucio Mansilla proceden al traslado de otro ciudadano de 23, a quien se le secuestr\u00f3 un cuchillo que exhib\u00eda y hac\u00eda ademanes.&nbsp;Ambos casos actuaciones por infraccion al codigo de faltas por la&nbsp; Ley 8031 interviene juzgado de Paz San Pedro.-<\/p>\n","protected":false},"excerpt":{"rendered":"<p>El d\u00eda de ayer en horas de&nbsp; la tarde alrededor de las 16:10 hs el personal policial de la comisar\u00eda local se hace presente en calle Caron\u00ed y Litoral proceden al traslado de ciudadano de 21 a\u00f1os a quien se le secuestr\u00f3 entre sus prendas un cuchillo. &nbsp; Un poco m\u00e1s tarde en la misma [&hellip;]<\/p>\n","protected":false},"author":4,"featured_media":99720,"comment_status":"closed","ping_status":"closed","sticky":false,"template":"","format":"standard","meta":{"om_disable_all_campaigns":false,"_jetpack_memberships_contains_paid_content":false,"footnotes":""},"categories":[101,2],"tags":[197,696,33,95,19],"class_list":["post-99719","post","type-post","status-publish","format-standard","has-post-thumbnail","hentry","category-interes-general-locales","category-locales","tag-buenos-aires","tag-interes-general","tag-locales","tag-policiales","tag-san-pedro"],"aioseo_notices":[],"gutentor_comment":0,"jetpack_featured_media_url":"https:\/\/eldiariodesanpedro.com.ar\/sitio\/wp-content\/uploads\/2021\/09\/medida-31.jpg","jetpack_shortlink":"https:\/\/wp.me\/p6RhLt-pWn","jetpack_sharing_enabled":true,"_links":{"self":[{"href":"https:\/\/eldiariodesanpedro.com.ar\/sitio\/wp-json\/wp\/v2\/posts\/99719","targetHints":{"allow":["GET"]}}],"collection":[{"href":"https:\/\/eldiariodesanpedro.com.ar\/sitio\/wp-json\/wp\/v2\/posts"}],"about":[{"href":"https:\/\/eldiariodesanpedro.com.ar\/sitio\/wp-json\/wp\/v2\/types\/post"}],"author":[{"embeddable":true,"href":"https:\/\/eldiariodesanpedro.com.ar\/sitio\/wp-json\/wp\/v2\/users\/4"}],"replies":[{"embeddable":true,"href":"https:\/\/eldiariodesanpedro.com.ar\/sitio\/wp-json\/wp\/v2\/comments?post=99719"}],"version-history":[{"count":1,"href":"https:\/\/eldiariodesanpedro.com.ar\/sitio\/wp-json\/wp\/v2\/posts\/99719\/revisions"}],"predecessor-version":[{"id":99721,"href":"https:\/\/eldiariodesanpedro.com.ar\/sitio\/wp-json\/wp\/v2\/posts\/99719\/revisions\/99721"}],"wp:featuredmedia":[{"embeddable":true,"href":"https:\/\/eldiariodesanpedro.com.ar\/sitio\/wp-json\/wp\/v2\/media\/99720"}],"wp:attachment":[{"href":"https:\/\/eldiariodesanpedro.com.ar\/sitio\/wp-json\/wp\/v2\/media?parent=99719"}],"wp:term":[{"taxonomy":"category","embeddable":true,"href":"https:\/\/eldiariodesanpedro.com.ar\/sitio\/wp-json\/wp\/v2\/categories?post=99719"},{"taxonomy":"post_tag","embeddable":true,"href":"https:\/\/eldiariodesanpedro.com.ar\/sitio\/wp-json\/wp\/v2\/tags?post=99719"}],"curies":[{"name":"wp","href":"https:\/\/api.w.org\/{rel}","templated":true}]}}