{"id":99716,"date":"2021-09-29T12:23:30","date_gmt":"2021-09-29T15:23:30","guid":{"rendered":"https:\/\/eldiariodesanpedro.com.ar\/sitio\/?p=99716"},"modified":"2021-09-29T12:23:35","modified_gmt":"2021-09-29T15:23:35","slug":"un-joven-con-perimetral-detenido-por-tratar-de-agredir-a-su-madre-y-provocar-destrozo-en-la-vivienda","status":"publish","type":"post","link":"https:\/\/eldiariodesanpedro.com.ar\/sitio\/un-joven-con-perimetral-detenido-por-tratar-de-agredir-a-su-madre-y-provocar-destrozo-en-la-vivienda\/","title":{"rendered":"Un joven con perimetral detenido por tratar de agredir a su madre y provocar destrozo en la vivienda"},"content":{"rendered":"<!-- VideographyWP Plugin Message: Automatic video embedding prevented by plugin options. -->\n\n<p>En las primeras horas de este mi\u00e9rcoles se produjo un incidente familiar donde un joven trat\u00f3 de agredir a su madre y provoc\u00f3 destrozos en la vivienda.<\/p>\n\n\n\n<p>En la jornada de hoy alrededor de las 07 hs el personal policial de la Comisar\u00eda de nuestra ciudad es alertado por un conflicto familiar por lo que se hace presente en calle Balcarce al 1400 donde aprehenden a un ciudadano de 19 a\u00f1os, donde ocasiona da\u00f1os en la vivienda de su madre una mujer de 37 a\u00f1os, a la que amenazaba de muerte, se pudo comprobar que exist\u00eda restricci\u00f3n perimetral&nbsp; por antecedentes de violencia familiar, dispuesta por el juzgado de Paz local.&nbsp;<\/p>\n\n\n\n<p>El violento permanece alojado en la comisar\u00eda local, a disposici\u00f3n judicial donde intervino la UFI N\u00ba 5, la v\u00edctima fue asistida en la comisar\u00eda de la mujer local.<\/p>\n","protected":false},"excerpt":{"rendered":"<p>En las primeras horas de este mi\u00e9rcoles se produjo un incidente familiar donde un joven trat\u00f3 de agredir a su madre y provoc\u00f3 destrozos en la vivienda. En la jornada de hoy alrededor de las 07 hs el personal policial de la Comisar\u00eda de nuestra ciudad es alertado por un conflicto familiar por lo que [&hellip;]<\/p>\n","protected":false},"author":4,"featured_media":99717,"comment_status":"closed","ping_status":"closed","sticky":false,"template":"","format":"standard","meta":{"om_disable_all_campaigns":false,"_jetpack_memberships_contains_paid_content":false,"footnotes":""},"categories":[50,2,103],"tags":[197,696,33,19],"class_list":["post-99716","post","type-post","status-publish","format-standard","has-post-thumbnail","hentry","category-destacadas","category-locales","category-policiales-locales","tag-buenos-aires","tag-interes-general","tag-locales","tag-san-pedro"],"aioseo_notices":[],"gutentor_comment":0,"jetpack_featured_media_url":"https:\/\/eldiariodesanpedro.com.ar\/sitio\/wp-content\/uploads\/2021\/09\/medida-30.jpg","jetpack_shortlink":"https:\/\/wp.me\/p6RhLt-pWk","jetpack_sharing_enabled":true,"_links":{"self":[{"href":"https:\/\/eldiariodesanpedro.com.ar\/sitio\/wp-json\/wp\/v2\/posts\/99716","targetHints":{"allow":["GET"]}}],"collection":[{"href":"https:\/\/eldiariodesanpedro.com.ar\/sitio\/wp-json\/wp\/v2\/posts"}],"about":[{"href":"https:\/\/eldiariodesanpedro.com.ar\/sitio\/wp-json\/wp\/v2\/types\/post"}],"author":[{"embeddable":true,"href":"https:\/\/eldiariodesanpedro.com.ar\/sitio\/wp-json\/wp\/v2\/users\/4"}],"replies":[{"embeddable":true,"href":"https:\/\/eldiariodesanpedro.com.ar\/sitio\/wp-json\/wp\/v2\/comments?post=99716"}],"version-history":[{"count":1,"href":"https:\/\/eldiariodesanpedro.com.ar\/sitio\/wp-json\/wp\/v2\/posts\/99716\/revisions"}],"predecessor-version":[{"id":99718,"href":"https:\/\/eldiariodesanpedro.com.ar\/sitio\/wp-json\/wp\/v2\/posts\/99716\/revisions\/99718"}],"wp:featuredmedia":[{"embeddable":true,"href":"https:\/\/eldiariodesanpedro.com.ar\/sitio\/wp-json\/wp\/v2\/media\/99717"}],"wp:attachment":[{"href":"https:\/\/eldiariodesanpedro.com.ar\/sitio\/wp-json\/wp\/v2\/media?parent=99716"}],"wp:term":[{"taxonomy":"category","embeddable":true,"href":"https:\/\/eldiariodesanpedro.com.ar\/sitio\/wp-json\/wp\/v2\/categories?post=99716"},{"taxonomy":"post_tag","embeddable":true,"href":"https:\/\/eldiariodesanpedro.com.ar\/sitio\/wp-json\/wp\/v2\/tags?post=99716"}],"curies":[{"name":"wp","href":"https:\/\/api.w.org\/{rel}","templated":true}]}}