{"id":99714,"date":"2021-09-29T09:39:17","date_gmt":"2021-09-29T12:39:17","guid":{"rendered":"https:\/\/eldiariodesanpedro.com.ar\/sitio\/?p=99714"},"modified":"2021-09-29T09:39:21","modified_gmt":"2021-09-29T12:39:21","slug":"cronograma-del-servicio-local-de-promocion-y-proteccion-de-derechos-de-ninos-ninas-y-adolescentes-en-las-localidades-2","status":"publish","type":"post","link":"https:\/\/eldiariodesanpedro.com.ar\/sitio\/cronograma-del-servicio-local-de-promocion-y-proteccion-de-derechos-de-ninos-ninas-y-adolescentes-en-las-localidades-2\/","title":{"rendered":"Cronograma del Servicio Local de Promoci\u00f3n y Protecci\u00f3n de Derechos de Ni\u00f1os, Ni\u00f1as y Adolescentes en las localidades"},"content":{"rendered":"<!-- VideographyWP Plugin Message: Automatic video embedding prevented by plugin options. -->\n\n<p>El Servicio Local de Promoci\u00f3n y Protecci\u00f3n de Derechos de Ni\u00f1os, Ni\u00f1as y Adolescentes pone a disposici\u00f3n el cronograma de atenci\u00f3n del mes de octubre en las localidades.<\/p>\n\n\n\n<p>Durante las jornadas, abiertas a la comunidad, se brindar\u00e1 atenci\u00f3n y asesoramiento a todas aquellas personas que trabajan con ni\u00f1eces y adolescencia, sobre la promoci\u00f3n y protecci\u00f3n de derechos de ni\u00f1as, ni\u00f1os y adolescentes.<\/p>\n\n\n\n<p>Se trata de brindar el conocimiento de los mecanismos que el Estado proporciona para generar la mayor cantidad de herramientas, facilitando la prevenci\u00f3n e identificaci\u00f3n de situaciones de violencia y vulneraci\u00f3n de derechos para que puedan ayudar a los j\u00f3venes a pensar formas de resolver situaciones sin violencia, discriminaci\u00f3n y respetando las diversidades.<\/p>\n\n\n\n<p>Las pr\u00f3ximas jornadas de atenci\u00f3n:<\/p>\n\n\n\n<p>4\/10 10 a 12 hs. &#8211; Sede Envi\u00f3n de R\u00edo Tala<br>13\/10 10 a 12 hs. &#8211; Delegaci\u00f3n Municipal de Santa Luc\u00eda<br>18\/10 8.30 a 10 hs. &#8211; Centro de Salud La Tosquera<br>18\/10 10.30 a 13 hs. &#8211; Centro de Salud Bajo Tala<br>21\/10 10 a 12 hs. &#8211; Sede Envi\u00f3n Gobernador Castro<br>28\/10 10 a 12 hs. &#8211; Centro de Salud Vuelta de Obligado<\/p>\n\n\n\n<p>Se solicita a quienes concurran cumplir con las medidas de higiene, respetando el uso de barbijo y el distanciamiento social.<\/p>\n","protected":false},"excerpt":{"rendered":"<p>El Servicio Local de Promoci\u00f3n y Protecci\u00f3n de Derechos de Ni\u00f1os, Ni\u00f1as y Adolescentes pone a disposici\u00f3n el cronograma de atenci\u00f3n del mes de octubre en las localidades. Durante las jornadas, abiertas a la comunidad, se brindar\u00e1 atenci\u00f3n y asesoramiento a todas aquellas personas que trabajan con ni\u00f1eces y adolescencia, sobre la promoci\u00f3n y protecci\u00f3n [&hellip;]<\/p>\n","protected":false},"author":4,"featured_media":99705,"comment_status":"closed","ping_status":"closed","sticky":false,"template":"","format":"standard","meta":{"om_disable_all_campaigns":false,"_jetpack_memberships_contains_paid_content":false,"footnotes":""},"categories":[101,2],"tags":[197,696,33,19],"class_list":["post-99714","post","type-post","status-publish","format-standard","has-post-thumbnail","hentry","category-interes-general-locales","category-locales","tag-buenos-aires","tag-interes-general","tag-locales","tag-san-pedro"],"aioseo_notices":[],"gutentor_comment":0,"jetpack_featured_media_url":"https:\/\/eldiariodesanpedro.com.ar\/sitio\/wp-content\/uploads\/2021\/09\/Guia-Infancia-1.jpg","jetpack_shortlink":"https:\/\/wp.me\/p6RhLt-pWi","jetpack_sharing_enabled":true,"_links":{"self":[{"href":"https:\/\/eldiariodesanpedro.com.ar\/sitio\/wp-json\/wp\/v2\/posts\/99714","targetHints":{"allow":["GET"]}}],"collection":[{"href":"https:\/\/eldiariodesanpedro.com.ar\/sitio\/wp-json\/wp\/v2\/posts"}],"about":[{"href":"https:\/\/eldiariodesanpedro.com.ar\/sitio\/wp-json\/wp\/v2\/types\/post"}],"author":[{"embeddable":true,"href":"https:\/\/eldiariodesanpedro.com.ar\/sitio\/wp-json\/wp\/v2\/users\/4"}],"replies":[{"embeddable":true,"href":"https:\/\/eldiariodesanpedro.com.ar\/sitio\/wp-json\/wp\/v2\/comments?post=99714"}],"version-history":[{"count":1,"href":"https:\/\/eldiariodesanpedro.com.ar\/sitio\/wp-json\/wp\/v2\/posts\/99714\/revisions"}],"predecessor-version":[{"id":99715,"href":"https:\/\/eldiariodesanpedro.com.ar\/sitio\/wp-json\/wp\/v2\/posts\/99714\/revisions\/99715"}],"wp:featuredmedia":[{"embeddable":true,"href":"https:\/\/eldiariodesanpedro.com.ar\/sitio\/wp-json\/wp\/v2\/media\/99705"}],"wp:attachment":[{"href":"https:\/\/eldiariodesanpedro.com.ar\/sitio\/wp-json\/wp\/v2\/media?parent=99714"}],"wp:term":[{"taxonomy":"category","embeddable":true,"href":"https:\/\/eldiariodesanpedro.com.ar\/sitio\/wp-json\/wp\/v2\/categories?post=99714"},{"taxonomy":"post_tag","embeddable":true,"href":"https:\/\/eldiariodesanpedro.com.ar\/sitio\/wp-json\/wp\/v2\/tags?post=99714"}],"curies":[{"name":"wp","href":"https:\/\/api.w.org\/{rel}","templated":true}]}}