{"id":99711,"date":"2021-09-29T09:34:57","date_gmt":"2021-09-29T12:34:57","guid":{"rendered":"https:\/\/eldiariodesanpedro.com.ar\/sitio\/?p=99711"},"modified":"2021-09-29T09:35:02","modified_gmt":"2021-09-29T12:35:02","slug":"jornada-de-control-pediatrico-control-de-peso-talla-y-vacunacion","status":"publish","type":"post","link":"https:\/\/eldiariodesanpedro.com.ar\/sitio\/jornada-de-control-pediatrico-control-de-peso-talla-y-vacunacion\/","title":{"rendered":"Jornada de control pedi\u00e1trico, control de peso, talla y vacunaci\u00f3n"},"content":{"rendered":"<!-- VideographyWP Plugin Message: Automatic video embedding prevented by plugin options. -->\n\n<p>La Secretar\u00eda de Salud llevar\u00e1 a cabo dos jornadas de atenci\u00f3n a ni\u00f1os de 2 meses a 6 a\u00f1os.&nbsp;<\/p>\n\n\n\n<p>Ser\u00e1 en los centros de salud \u00abCanaletas\u00bb, el lunes 18 de octubre a las 9.00 horas, y \u00abMateo Sbert\u00bb el 19 de octubre a las 9.00 horas.<a><\/a><\/p>\n\n\n\n<p>Durante las actividades se realizar\u00e1 control pedi\u00e1trico, control de peso, talla y vacunaci\u00f3n. Quienes concurran deber\u00e1n presentar libreta sanitaria y D.N.I de los ni\u00f1os que realicen los controles.<\/p>\n","protected":false},"excerpt":{"rendered":"<p>La Secretar\u00eda de Salud llevar\u00e1 a cabo dos jornadas de atenci\u00f3n a ni\u00f1os de 2 meses a 6 a\u00f1os.&nbsp; Ser\u00e1 en los centros de salud \u00abCanaletas\u00bb, el lunes 18 de octubre a las 9.00 horas, y \u00abMateo Sbert\u00bb el 19 de octubre a las 9.00 horas. Durante las actividades se realizar\u00e1 control pedi\u00e1trico, control de [&hellip;]<\/p>\n","protected":false},"author":4,"featured_media":99712,"comment_status":"closed","ping_status":"closed","sticky":false,"template":"","format":"standard","meta":{"om_disable_all_campaigns":false,"_jetpack_memberships_contains_paid_content":false,"footnotes":""},"categories":[101,2],"tags":[197,696,33,19],"class_list":["post-99711","post","type-post","status-publish","format-standard","has-post-thumbnail","hentry","category-interes-general-locales","category-locales","tag-buenos-aires","tag-interes-general","tag-locales","tag-san-pedro"],"aioseo_notices":[],"gutentor_comment":0,"jetpack_featured_media_url":"https:\/\/eldiariodesanpedro.com.ar\/sitio\/wp-content\/uploads\/2021\/09\/primeros-controles-del-bebe-cuando-asistir-al-pediatra-1200x900-1.jpg","jetpack_shortlink":"https:\/\/wp.me\/p6RhLt-pWf","jetpack_sharing_enabled":true,"_links":{"self":[{"href":"https:\/\/eldiariodesanpedro.com.ar\/sitio\/wp-json\/wp\/v2\/posts\/99711","targetHints":{"allow":["GET"]}}],"collection":[{"href":"https:\/\/eldiariodesanpedro.com.ar\/sitio\/wp-json\/wp\/v2\/posts"}],"about":[{"href":"https:\/\/eldiariodesanpedro.com.ar\/sitio\/wp-json\/wp\/v2\/types\/post"}],"author":[{"embeddable":true,"href":"https:\/\/eldiariodesanpedro.com.ar\/sitio\/wp-json\/wp\/v2\/users\/4"}],"replies":[{"embeddable":true,"href":"https:\/\/eldiariodesanpedro.com.ar\/sitio\/wp-json\/wp\/v2\/comments?post=99711"}],"version-history":[{"count":1,"href":"https:\/\/eldiariodesanpedro.com.ar\/sitio\/wp-json\/wp\/v2\/posts\/99711\/revisions"}],"predecessor-version":[{"id":99713,"href":"https:\/\/eldiariodesanpedro.com.ar\/sitio\/wp-json\/wp\/v2\/posts\/99711\/revisions\/99713"}],"wp:featuredmedia":[{"embeddable":true,"href":"https:\/\/eldiariodesanpedro.com.ar\/sitio\/wp-json\/wp\/v2\/media\/99712"}],"wp:attachment":[{"href":"https:\/\/eldiariodesanpedro.com.ar\/sitio\/wp-json\/wp\/v2\/media?parent=99711"}],"wp:term":[{"taxonomy":"category","embeddable":true,"href":"https:\/\/eldiariodesanpedro.com.ar\/sitio\/wp-json\/wp\/v2\/categories?post=99711"},{"taxonomy":"post_tag","embeddable":true,"href":"https:\/\/eldiariodesanpedro.com.ar\/sitio\/wp-json\/wp\/v2\/tags?post=99711"}],"curies":[{"name":"wp","href":"https:\/\/api.w.org\/{rel}","templated":true}]}}