{"id":99701,"date":"2021-09-29T09:15:25","date_gmt":"2021-09-29T12:15:25","guid":{"rendered":"https:\/\/eldiariodesanpedro.com.ar\/sitio\/?p=99701"},"modified":"2021-09-29T09:15:30","modified_gmt":"2021-09-29T12:15:30","slug":"se-realizara-encuentro-de-rock-a-beneficio-de-merendero-manitos-de-angel","status":"publish","type":"post","link":"https:\/\/eldiariodesanpedro.com.ar\/sitio\/se-realizara-encuentro-de-rock-a-beneficio-de-merendero-manitos-de-angel\/","title":{"rendered":"Se realizar\u00e1 encuentro de Rock a beneficio de merendero \u00abManitos de Angel\u00bb"},"content":{"rendered":"<!-- VideographyWP Plugin Message: Automatic video embedding prevented by plugin options. -->\n\n<p>Este s\u00e1bado se desarrollar\u00e1 un evento cultural en Ituzaing\u00f3 769, que combinar\u00e1 rock y solidaridad.&nbsp;<\/p>\n\n\n\n<p>Desde las 16, artistas locales actuar\u00e1n a beneficio del merendero \u00abManitos de Angel\u00bb.&nbsp;<\/p>\n\n\n\n<p>Subir\u00e1n al escenario Los Confrontes (17 horas), King Bee (18), Fusi\u00f3n (19) y Orden Masyaf (20).&nbsp;<\/p>\n\n\n\n<p>La entrada ser\u00e1 un alimento no perecedero y habr\u00e1 servicio de cantina a total beneficio del merendero.&nbsp;<\/p>\n\n\n\n<p>Tambi\u00e9n se montar\u00e1n stands de la feria \u00abSan Pedro Emprende\u00bb.&nbsp;<\/p>\n","protected":false},"excerpt":{"rendered":"<p>Este s\u00e1bado se desarrollar\u00e1 un evento cultural en Ituzaing\u00f3 769, que combinar\u00e1 rock y solidaridad.&nbsp; Desde las 16, artistas locales actuar\u00e1n a beneficio del merendero \u00abManitos de Angel\u00bb.&nbsp; Subir\u00e1n al escenario Los Confrontes (17 horas), King Bee (18), Fusi\u00f3n (19) y Orden Masyaf (20).&nbsp; La entrada ser\u00e1 un alimento no perecedero y habr\u00e1 servicio de [&hellip;]<\/p>\n","protected":false},"author":4,"featured_media":99702,"comment_status":"closed","ping_status":"closed","sticky":false,"template":"","format":"standard","meta":{"om_disable_all_campaigns":false,"_jetpack_memberships_contains_paid_content":false,"footnotes":""},"categories":[101,2],"tags":[197,696,33,19],"class_list":["post-99701","post","type-post","status-publish","format-standard","has-post-thumbnail","hentry","category-interes-general-locales","category-locales","tag-buenos-aires","tag-interes-general","tag-locales","tag-san-pedro"],"aioseo_notices":[],"gutentor_comment":0,"jetpack_featured_media_url":"https:\/\/eldiariodesanpedro.com.ar\/sitio\/wp-content\/uploads\/2021\/09\/WhatsApp-Image-2021-09-28-at-18.06.27.jpeg","jetpack_shortlink":"https:\/\/wp.me\/p6RhLt-pW5","jetpack_sharing_enabled":true,"_links":{"self":[{"href":"https:\/\/eldiariodesanpedro.com.ar\/sitio\/wp-json\/wp\/v2\/posts\/99701","targetHints":{"allow":["GET"]}}],"collection":[{"href":"https:\/\/eldiariodesanpedro.com.ar\/sitio\/wp-json\/wp\/v2\/posts"}],"about":[{"href":"https:\/\/eldiariodesanpedro.com.ar\/sitio\/wp-json\/wp\/v2\/types\/post"}],"author":[{"embeddable":true,"href":"https:\/\/eldiariodesanpedro.com.ar\/sitio\/wp-json\/wp\/v2\/users\/4"}],"replies":[{"embeddable":true,"href":"https:\/\/eldiariodesanpedro.com.ar\/sitio\/wp-json\/wp\/v2\/comments?post=99701"}],"version-history":[{"count":1,"href":"https:\/\/eldiariodesanpedro.com.ar\/sitio\/wp-json\/wp\/v2\/posts\/99701\/revisions"}],"predecessor-version":[{"id":99703,"href":"https:\/\/eldiariodesanpedro.com.ar\/sitio\/wp-json\/wp\/v2\/posts\/99701\/revisions\/99703"}],"wp:featuredmedia":[{"embeddable":true,"href":"https:\/\/eldiariodesanpedro.com.ar\/sitio\/wp-json\/wp\/v2\/media\/99702"}],"wp:attachment":[{"href":"https:\/\/eldiariodesanpedro.com.ar\/sitio\/wp-json\/wp\/v2\/media?parent=99701"}],"wp:term":[{"taxonomy":"category","embeddable":true,"href":"https:\/\/eldiariodesanpedro.com.ar\/sitio\/wp-json\/wp\/v2\/categories?post=99701"},{"taxonomy":"post_tag","embeddable":true,"href":"https:\/\/eldiariodesanpedro.com.ar\/sitio\/wp-json\/wp\/v2\/tags?post=99701"}],"curies":[{"name":"wp","href":"https:\/\/api.w.org\/{rel}","templated":true}]}}